{"id":10272,"date":"2020-06-10T18:09:44","date_gmt":"2020-06-10T18:09:44","guid":{"rendered":"http:\/\/www.culture.gouv.sn\/?p=10272"},"modified":"2020-06-10T18:18:42","modified_gmt":"2020-06-10T18:18:42","slug":"fonds-covid-19-un-comite-de-pilotage-pour-la-repartition","status":"publish","type":"post","link":"https:\/\/www.culture.gouv.sn\/index.php\/2020\/06\/10\/fonds-covid-19-un-comite-de-pilotage-pour-la-repartition\/","title":{"rendered":"Fonds Covid-19 : Un comit\u00e9 de pilotage pour la r\u00e9partition"},"content":{"rendered":"<div id=\"pl-10272\"  class=\"panel-layout\" ><div id=\"pg-10272-0\"  class=\"panel-grid panel-no-style\" ><div id=\"pgc-10272-0-0\"  class=\"panel-grid-cell\" ><div id=\"panel-10272-0-0-0\" class=\"so-panel widget widget_text panel-first-child panel-last-child\" data-index=\"0\" >\t\t\t<div class=\"textwidget\"><p>Dans le cadre de la mise \u00e0 disposition du fonds de trois milliards par Son Excellence Monsieur le Pr\u00e9sident de la R\u00e9publique au secteur de la culture, Monsieur Abdoulaye Diop, ministre de la Culture et de la Communication a proc\u00e9d\u00e9 ce mardi 9 juin \u00e0 l\u2019installation du Comit\u00e9 de pilotage charg\u00e9 de la r\u00e9partition de cet appui aux acteurs culturels.<\/p>\n<p>Le comit\u00e9 de pilotage a pour mission de d\u00e9finir les crit\u00e8res d&rsquo;acc\u00e8s et d&rsquo;identification de tous les ayants droit au fonds allou\u00e9 par l&rsquo;Etat \u00e0 la communaut\u00e9 culturelle et artistique pour att\u00e9nuer les effets de la Covid-19.<\/p>\n<p>Des comit\u00e9s par sous -secteur\u00a0: Cin\u00e9ma, Livre et \u00c9dition, Patrimoine culturel et des Arts seront mis en place pour l\u2019affectation selon des crit\u00e8res d\u00e9finis de l\u2019enveloppe de trois milliards de F CFA.<\/p>\n<\/div>\n\t\t<\/div><\/div><\/div><\/div>","protected":false},"excerpt":{"rendered":"<p>Dans le cadre de la mise \u00e0 disposition du fonds de trois milliards par Son Excellence Monsieur le Pr\u00e9sident de la R\u00e9publique au secteur de la culture, Monsieur Abdoulaye Diop, ministre de la Culture et de la Communication a proc\u00e9d\u00e9 ce mardi 9 juin \u00e0 l\u2019installation du Comit\u00e9 de pilotage charg\u00e9 de la r\u00e9partition de [&hellip;]<\/p>\n","protected":false},"author":1,"featured_media":10273,"comment_status":"open","ping_status":"open","sticky":false,"template":"","format":"standard","meta":{"ngg_post_thumbnail":0},"categories":[2],"tags":[],"_links":{"self":[{"href":"https:\/\/www.culture.gouv.sn\/index.php\/wp-json\/wp\/v2\/posts\/10272"}],"collection":[{"href":"https:\/\/www.culture.gouv.sn\/index.php\/wp-json\/wp\/v2\/posts"}],"about":[{"href":"https:\/\/www.culture.gouv.sn\/index.php\/wp-json\/wp\/v2\/types\/post"}],"author":[{"embeddable":true,"href":"https:\/\/www.culture.gouv.sn\/index.php\/wp-json\/wp\/v2\/users\/1"}],"replies":[{"embeddable":true,"href":"https:\/\/www.culture.gouv.sn\/index.php\/wp-json\/wp\/v2\/comments?post=10272"}],"version-history":[{"count":1,"href":"https:\/\/www.culture.gouv.sn\/index.php\/wp-json\/wp\/v2\/posts\/10272\/revisions"}],"predecessor-version":[{"id":10274,"href":"https:\/\/www.culture.gouv.sn\/index.php\/wp-json\/wp\/v2\/posts\/10272\/revisions\/10274"}],"wp:featuredmedia":[{"embeddable":true,"href":"https:\/\/www.culture.gouv.sn\/index.php\/wp-json\/wp\/v2\/media\/10273"}],"wp:attachment":[{"href":"https:\/\/www.culture.gouv.sn\/index.php\/wp-json\/wp\/v2\/media?parent=10272"}],"wp:term":[{"taxonomy":"category","embeddable":true,"href":"https:\/\/www.culture.gouv.sn\/index.php\/wp-json\/wp\/v2\/categories?post=10272"},{"taxonomy":"post_tag","embeddable":true,"href":"https:\/\/www.culture.gouv.sn\/index.php\/wp-json\/wp\/v2\/tags?post=10272"}],"curies":[{"name":"wp","href":"https:\/\/api.w.org\/{rel}","templated":true}]}}