{"id":10276,"date":"2020-06-20T18:52:57","date_gmt":"2020-06-20T18:52:57","guid":{"rendered":"http:\/\/www.culture.gouv.sn\/?p=10276"},"modified":"2020-06-20T18:52:57","modified_gmt":"2020-06-20T18:52:57","slug":"fete-de-la-musique-message-du-ministre","status":"publish","type":"post","link":"https:\/\/www.culture.gouv.sn\/index.php\/2020\/06\/20\/fete-de-la-musique-message-du-ministre\/","title":{"rendered":"F\u00eate de la Musique : Message du Ministre"},"content":{"rendered":"<div id=\"pl-10276\"  class=\"panel-layout\" ><div id=\"pg-10276-0\"  class=\"panel-grid panel-no-style\" ><div id=\"pgc-10276-0-0\"  class=\"panel-grid-cell\" ><div id=\"panel-10276-0-0-0\" class=\"so-panel widget widget_text panel-first-child panel-last-child\" data-index=\"0\" >\t\t\t<div class=\"textwidget\"><p>Le 21 juin c\u00e9l\u00e8bre chaque ann\u00e9e la musique dans le monde entier.<\/p>\n<p>Auteurs, compositeurs, interpr\u00e8tes, producteurs, diffuseurs ont, en effet, rendez-vous ce jour b\u00e9ni avec tous les m\u00e9lomanes, amoureux de cet art divin pour en c\u00e9l\u00e9brer l\u2019universalit\u00e9 et la contribution d\u00e9cisive au d\u00e9veloppement \u00e9conomique et \u00e0 l\u2019\u00e9panouissement social des nations.<\/p>\n<p>H\u00e9las, les mesures indispensables au combat vital contre la pand\u00e9mie de la COVID-19 imposent cette ann\u00e9e un \u00e9tat d\u2019urgence sanitaire se traduisant entre autres par le couvre-feu, le confinement ou, encore l\u2019exigence de la distanciation physique.<\/p>\n<p>Toutes exigences incompatibles avec les rencontres chaleureuses et les grand-messes de bonheur que nous ont toujours apport\u00e9es les c\u00e9l\u00e9brations ant\u00e9rieures de la f\u00eate de la Musique.<\/p>\n<p>Conscient des \u00e9normes difficult\u00e9s que cr\u00e9e aux acteurs de l\u2019\u00e9conomie de la musique cette situation p\u00e9nible et in\u00e9dite, Son Excellence Monsieur Macky Sall, Pr\u00e9sident de la R\u00e9publique, a d\u00e9cid\u00e9 de leur apporter, de m\u00eame qu\u2019\u00e0 l\u2019ensemble des professionnels de la Culture impact\u00e9s, un soutien important \u00e0 travers le Fonds Force Covid-19.<\/p>\n<p>Prions pour que cette bou\u00e9e salvatrice apporte un soutien d\u00e9cisif \u00e0 tous ceux qui ont contribu\u00e9 aux succ\u00e8s des \u00e9v\u00e8nements organis\u00e9s lors des journ\u00e9es ant\u00e9rieures de F\u00eate de la Musique.<\/p>\n<p>Avec l\u2019engagement de tous \u00e0 respecter les mesures barri\u00e8res, ayons foi en l\u2019imminence d\u2019\u00e9v\u00e8nements musicaux d\u2019ampleur exceptionnelle et la c\u00e9l\u00e9bration des prochaines \u00e9ditions de la F\u00eate de la Musique aussi p\u00e9tillantes qu\u2019inoubliables.<\/p>\n<\/div>\n\t\t<\/div><\/div><\/div><\/div>","protected":false},"excerpt":{"rendered":"<p>Le 21 juin c\u00e9l\u00e8bre chaque ann\u00e9e la musique dans le monde entier. Auteurs, compositeurs, interpr\u00e8tes, producteurs, diffuseurs ont, en effet, rendez-vous ce jour b\u00e9ni avec tous les m\u00e9lomanes, amoureux de cet art divin pour en c\u00e9l\u00e9brer l\u2019universalit\u00e9 et la contribution d\u00e9cisive au d\u00e9veloppement \u00e9conomique et \u00e0 l\u2019\u00e9panouissement social des nations. H\u00e9las, les mesures indispensables au [&hellip;]<\/p>\n","protected":false},"author":1,"featured_media":5268,"comment_status":"open","ping_status":"open","sticky":false,"template":"","format":"standard","meta":{"ngg_post_thumbnail":0},"categories":[2],"tags":[],"_links":{"self":[{"href":"https:\/\/www.culture.gouv.sn\/index.php\/wp-json\/wp\/v2\/posts\/10276"}],"collection":[{"href":"https:\/\/www.culture.gouv.sn\/index.php\/wp-json\/wp\/v2\/posts"}],"about":[{"href":"https:\/\/www.culture.gouv.sn\/index.php\/wp-json\/wp\/v2\/types\/post"}],"author":[{"embeddable":true,"href":"https:\/\/www.culture.gouv.sn\/index.php\/wp-json\/wp\/v2\/users\/1"}],"replies":[{"embeddable":true,"href":"https:\/\/www.culture.gouv.sn\/index.php\/wp-json\/wp\/v2\/comments?post=10276"}],"version-history":[{"count":1,"href":"https:\/\/www.culture.gouv.sn\/index.php\/wp-json\/wp\/v2\/posts\/10276\/revisions"}],"predecessor-version":[{"id":10277,"href":"https:\/\/www.culture.gouv.sn\/index.php\/wp-json\/wp\/v2\/posts\/10276\/revisions\/10277"}],"wp:featuredmedia":[{"embeddable":true,"href":"https:\/\/www.culture.gouv.sn\/index.php\/wp-json\/wp\/v2\/media\/5268"}],"wp:attachment":[{"href":"https:\/\/www.culture.gouv.sn\/index.php\/wp-json\/wp\/v2\/media?parent=10276"}],"wp:term":[{"taxonomy":"category","embeddable":true,"href":"https:\/\/www.culture.gouv.sn\/index.php\/wp-json\/wp\/v2\/categories?post=10276"},{"taxonomy":"post_tag","embeddable":true,"href":"https:\/\/www.culture.gouv.sn\/index.php\/wp-json\/wp\/v2\/tags?post=10276"}],"curies":[{"name":"wp","href":"https:\/\/api.w.org\/{rel}","templated":true}]}}