{"id":10283,"date":"2020-06-23T16:42:59","date_gmt":"2020-06-23T16:42:59","guid":{"rendered":"http:\/\/www.culture.gouv.sn\/?p=10283"},"modified":"2020-06-23T16:43:00","modified_gmt":"2020-06-23T16:43:00","slug":"fonds-covid-19-la-remise-des-cheques-a-demarre","status":"publish","type":"post","link":"https:\/\/www.culture.gouv.sn\/index.php\/2020\/06\/23\/fonds-covid-19-la-remise-des-cheques-a-demarre\/","title":{"rendered":"Fonds Covid-19 : la remise des ch\u00e8ques a d\u00e9marr\u00e9"},"content":{"rendered":"<div id=\"pl-10283\"  class=\"panel-layout\" ><div id=\"pg-10283-0\"  class=\"panel-grid panel-no-style\" ><div id=\"pgc-10283-0-0\"  class=\"panel-grid-cell\" ><div id=\"panel-10283-0-0-0\" class=\"so-panel widget widget_text panel-first-child panel-last-child\" data-index=\"0\" >\t\t\t<div class=\"textwidget\"><p>Apr\u00e8s la mise \u00e0 disposition par L\u2019\u00c9tat du S\u00e9n\u00e9gal d\u2019un fonds de trois milliards de F CFA dans le cadre du programme de r\u00e9silience \u00e9conomique et social, le ministre de la culture et de la communication a remis ce vendredi 19 juin 2020, les premiers ch\u00e8ques aux associations professionnelles d\u2019artistes.<\/p>\n<p>La remise concerne les sous-secteurs du patrimoine, du conte, du livre et de l\u2019\u00e9dition et du th\u00e9\u00e2tre. Les autres composantes seront servies dans les jours \u00e0 venir le temps pour les sous-comit\u00e9s mis sur pied \u00e0 cet effet de finir le travail de concertation sur les modalit\u00e9s de partage et des conditions d\u2019acc\u00e8s au fonds.<\/p>\n<p>Le minist\u00e8re a fait cette option dans le souci de veiller \u00e0 la transparence et \u00e0 la forte implication de tous les acteurs culturels.<\/p>\n<p>Tous les b\u00e9n\u00e9ficiaires qui ont re\u00e7u leurs ch\u00e8ques, ont salu\u00e9 cette d\u00e9marche participative du ministre et promis d\u2019utiliser l\u2019argent de mani\u00e8re efficiente pour le rayonnement du secteur des arts et de la culture.<\/p>\n<\/div>\n\t\t<\/div><\/div><\/div><\/div>","protected":false},"excerpt":{"rendered":"<p>Apr\u00e8s la mise \u00e0 disposition par L\u2019\u00c9tat du S\u00e9n\u00e9gal d\u2019un fonds de trois milliards de F CFA dans le cadre du programme de r\u00e9silience \u00e9conomique et social, le ministre de la culture et de la communication a remis ce vendredi 19 juin 2020, les premiers ch\u00e8ques aux associations professionnelles d\u2019artistes. La remise concerne les sous-secteurs [&hellip;]<\/p>\n","protected":false},"author":1,"featured_media":10284,"comment_status":"open","ping_status":"open","sticky":false,"template":"","format":"standard","meta":{"ngg_post_thumbnail":0},"categories":[2],"tags":[],"_links":{"self":[{"href":"https:\/\/www.culture.gouv.sn\/index.php\/wp-json\/wp\/v2\/posts\/10283"}],"collection":[{"href":"https:\/\/www.culture.gouv.sn\/index.php\/wp-json\/wp\/v2\/posts"}],"about":[{"href":"https:\/\/www.culture.gouv.sn\/index.php\/wp-json\/wp\/v2\/types\/post"}],"author":[{"embeddable":true,"href":"https:\/\/www.culture.gouv.sn\/index.php\/wp-json\/wp\/v2\/users\/1"}],"replies":[{"embeddable":true,"href":"https:\/\/www.culture.gouv.sn\/index.php\/wp-json\/wp\/v2\/comments?post=10283"}],"version-history":[{"count":1,"href":"https:\/\/www.culture.gouv.sn\/index.php\/wp-json\/wp\/v2\/posts\/10283\/revisions"}],"predecessor-version":[{"id":10285,"href":"https:\/\/www.culture.gouv.sn\/index.php\/wp-json\/wp\/v2\/posts\/10283\/revisions\/10285"}],"wp:featuredmedia":[{"embeddable":true,"href":"https:\/\/www.culture.gouv.sn\/index.php\/wp-json\/wp\/v2\/media\/10284"}],"wp:attachment":[{"href":"https:\/\/www.culture.gouv.sn\/index.php\/wp-json\/wp\/v2\/media?parent=10283"}],"wp:term":[{"taxonomy":"category","embeddable":true,"href":"https:\/\/www.culture.gouv.sn\/index.php\/wp-json\/wp\/v2\/categories?post=10283"},{"taxonomy":"post_tag","embeddable":true,"href":"https:\/\/www.culture.gouv.sn\/index.php\/wp-json\/wp\/v2\/tags?post=10283"}],"curies":[{"name":"wp","href":"https:\/\/api.w.org\/{rel}","templated":true}]}}