{"id":10353,"date":"2020-07-28T14:02:50","date_gmt":"2020-07-28T14:02:50","guid":{"rendered":"http:\/\/www.culture.gouv.sn\/?p=10353"},"modified":"2020-07-28T14:02:50","modified_gmt":"2020-07-28T14:02:50","slug":"hommage-au-patriote-lintellectuel-lhomme-de-consensus","status":"publish","type":"post","link":"https:\/\/www.culture.gouv.sn\/index.php\/2020\/07\/28\/hommage-au-patriote-lintellectuel-lhomme-de-consensus\/","title":{"rendered":"Hommage au patriote, l&rsquo;intellectuel, l&rsquo;homme de consensus"},"content":{"rendered":"<div id=\"pl-10353\" class=\"panel-layout\">\n<div id=\"pg-10353-0\" class=\"panel-grid panel-no-style\">\n<div id=\"pgc-10353-0-0\" class=\"panel-grid-cell\" data-weight=\"1\">\n<div id=\"panel-10353-0-0-0\" class=\"so-panel widget widget_text panel-first-child panel-last-child\" data-index=\"0\" data-style=\"{&quot;background_image_attachment&quot;:false,&quot;background_display&quot;:&quot;tile&quot;,&quot;iw-visible-screen&quot;:&quot;iw-all&quot;,&quot;iw-visible-layout&quot;:&quot;iw-all&quot;}\">\n<h3 class=\"widget-title\">Hommage au patriote, l\u2019intellectuel, l\u2019homme de consensus<\/h3>\n<div class=\"textwidget\">\n<p style=\"font-weight: 400;\">Le rappel \u00e0 Dieu de Babacar TOUR\u00c9, Pr\u00e9sident et fondateur du Groupe Sud Communication, a plong\u00e9 le monde de la Presse et de la Communication dans une tristesse sans commune mesure.<\/p>\n<p style=\"font-weight: 400;\">Babacar TOUR\u00c9 \u00e9tait un monument de la presse, un journaliste accompli, un panafricaniste d\u2019envergure, un intellectuel courageux doubl\u00e9 d\u2019une g\u00e9n\u00e9rosit\u00e9 l\u00e9gendaire. Il est rest\u00e9, jusqu\u2019\u00e0 la fin de ses jours, un infatigable d\u00e9fenseur de la libert\u00e9 de la presse et de la promotion des id\u00e9aux d\u00e9mocratiques. Son parcours de plusieurs d\u00e9cennies et ses publications d\u2019une grande densit\u00e9 illustrent parfaitement ce v\u00e9cu.&nbsp; De ses d\u00e9buts au quotidien national&nbsp;<strong>Le Soleil<\/strong>, &nbsp;en passant par&nbsp;<strong>Sud hebdo<\/strong>,&nbsp;<strong>Sud quotidien et<\/strong>&nbsp;<strong>Sud Fm<\/strong>, la premi\u00e8re radio priv\u00e9e du S\u00e9n\u00e9gal, Babacar TOUR\u00c9 a toujours \u00e9t\u00e9 un grand b\u00e2tisseur, \u00e9l\u00e9gant dans la d\u00e9marche et efficace dans la r\u00e9alisation de ses projets.<\/p>\n<p style=\"font-weight: 400;\">Assur\u00e9ment, Babacar TOUR\u00c9 fut un homme de d\u00e9fis. Quand il lan\u00e7ait&nbsp;<strong>Sud<\/strong>&nbsp;au d\u00e9but des ann\u00e9es 80 avec quelques illustres confr\u00e8res, il fallait beaucoup de courage et un souci fort de l\u2019int\u00e9r\u00eat g\u00e9n\u00e9ral. Aujourd\u2019hui, la post\u00e9rit\u00e9 retient de lui, une ic\u00f4ne, parmi celles qui ont \u00e9crit les plus belles pages de la presse s\u00e9n\u00e9galaise. En lui, les jeunes g\u00e9n\u00e9rations trouveront toujours une source intarissable d\u2019inspiration pour poursuivre la belle aventure d\u2019une presse libre, professionnelle et responsable au service des citoyens et de la d\u00e9mocratie.<\/p>\n<p style=\"font-weight: 400;\">Par-del\u00e0 son attachement visc\u00e9ral \u00e0 la libert\u00e9 de la presse et \u00e0 son \u00e9quidistance, il avait l\u2019\u00e9l\u00e9gance et la grandeur r\u00e9publicaines de dire oui quand la patrie l\u2019exigeait. Il avait aussi, chevill\u00e9es \u00e0 l\u2019esprit et \u00e0 la d\u00e9marche, les hautes qualit\u00e9s et exigences d\u2019un serviteur de la cause publique.<\/p>\n<p style=\"font-weight: 400;\">Eloign\u00e9 de l\u2019Etat, Babacar a, en effet, toujours&nbsp; accompagn\u00e9 l\u2019Etat dans ses missions r\u00e9galiennes de r\u00e9gulation. C\u2019est ainsi qu\u2019il a \u00e9t\u00e9, de 2012 \u00e0 2018, le Pr\u00e9sident du Conseil national de R\u00e9gulation de l\u2019Audiovisuel (CNRA). C\u2019est aussi dans cette m\u00eame dynamique qu\u2019il a eu \u00e0 pr\u00e9sider, avec brio, le Comit\u00e9 national de Transition de l\u2019Analogique vers le Num\u00e9rique (CONTAN). Avec sa disparition, le S\u00e9n\u00e9gal perd un grand patriote, un intellectuel&nbsp; hors pair et un homme de consensus.<\/p>\n<p style=\"font-weight: 400;\">Au nom de Son Excellence le Pr\u00e9sident de la R\u00e9publique, Macky SALL, au nom de l\u2019ensemble du Gouvernement et du peuple s\u00e9n\u00e9galais, j\u2019adresse nos condol\u00e9ances les plus sinc\u00e8res \u00e0 la famille du d\u00e9funt, au Khalif G\u00e9n\u00e9ral des Mourides Serigne Mountakha MBACKE, \u00e0 ses compagnons de la belle aventure Sud et \u00e0 toute la presse s\u00e9n\u00e9galaise et africaine.<\/p>\n<p style=\"font-weight: 400;\">Que la&nbsp; Sainte terre de Touba lui soit l\u00e9g\u00e8re.<\/p>\n<p style=\"font-weight: 400;\">Repose en paix cher Babacar&nbsp;!&nbsp; &nbsp; &nbsp; &nbsp; &nbsp; &nbsp; &nbsp; &nbsp; &nbsp; &nbsp; &nbsp; &nbsp; &nbsp; &nbsp; &nbsp; &nbsp; &nbsp; &nbsp; &nbsp; &nbsp; &nbsp; &nbsp; &nbsp; &nbsp; &nbsp; &nbsp; &nbsp; &nbsp; &nbsp; &nbsp; &nbsp; &nbsp; &nbsp; &nbsp; &nbsp; &nbsp; &nbsp; &nbsp; &nbsp; &nbsp; &nbsp; &nbsp; &nbsp; &nbsp; &nbsp; &nbsp; &nbsp; &nbsp; &nbsp; &nbsp; &nbsp; &nbsp; &nbsp; &nbsp; &nbsp; &nbsp; &nbsp; &nbsp; &nbsp; &nbsp; &nbsp; &nbsp; &nbsp; &nbsp; &nbsp; &nbsp; &nbsp; &nbsp; &nbsp; &nbsp; &nbsp; &nbsp; &nbsp; &nbsp; &nbsp; &nbsp; &nbsp; &nbsp; &nbsp; &nbsp; &nbsp; &nbsp; &nbsp; &nbsp; &nbsp; &nbsp; &nbsp; &nbsp; &nbsp; &nbsp; &nbsp; &nbsp; &nbsp; &nbsp; &nbsp; &nbsp; &nbsp; &nbsp; &nbsp; &nbsp; &nbsp; &nbsp; &nbsp; &nbsp; &nbsp; &nbsp; &nbsp; &nbsp; &nbsp; &nbsp; &nbsp; &nbsp; &nbsp; &nbsp; &nbsp; &nbsp; &nbsp; &nbsp; &nbsp; &nbsp; &nbsp; &nbsp; &nbsp; &nbsp; &nbsp; &nbsp; &nbsp; &nbsp;<strong>Abdoulaye DIOP<\/strong><\/p>\n<p style=\"font-weight: 400;\"><strong>&nbsp; &nbsp; &nbsp; &nbsp; &nbsp; &nbsp; &nbsp; &nbsp; &nbsp; &nbsp; &nbsp; &nbsp; &nbsp; &nbsp; &nbsp; &nbsp; Ministre de la Culture et de la Communication<\/strong><\/p>\n<\/div>\n<\/div>\n<\/div>\n<\/div>\n<\/div>\n","protected":false},"excerpt":{"rendered":"<p>Hommage au patriote, l\u2019intellectuel, l\u2019homme de consensus Le rappel \u00e0 Dieu de Babacar TOUR\u00c9, Pr\u00e9sident et fondateur du Groupe Sud Communication, a plong\u00e9 le monde de la Presse et de la Communication dans une tristesse sans commune mesure. Babacar TOUR\u00c9 \u00e9tait un monument de la presse, un journaliste accompli, un panafricaniste d\u2019envergure, un intellectuel courageux [&hellip;]<\/p>\n","protected":false},"author":1,"featured_media":10352,"comment_status":"open","ping_status":"open","sticky":false,"template":"","format":"standard","meta":{"ngg_post_thumbnail":0},"categories":[2],"tags":[],"_links":{"self":[{"href":"https:\/\/www.culture.gouv.sn\/index.php\/wp-json\/wp\/v2\/posts\/10353"}],"collection":[{"href":"https:\/\/www.culture.gouv.sn\/index.php\/wp-json\/wp\/v2\/posts"}],"about":[{"href":"https:\/\/www.culture.gouv.sn\/index.php\/wp-json\/wp\/v2\/types\/post"}],"author":[{"embeddable":true,"href":"https:\/\/www.culture.gouv.sn\/index.php\/wp-json\/wp\/v2\/users\/1"}],"replies":[{"embeddable":true,"href":"https:\/\/www.culture.gouv.sn\/index.php\/wp-json\/wp\/v2\/comments?post=10353"}],"version-history":[{"count":2,"href":"https:\/\/www.culture.gouv.sn\/index.php\/wp-json\/wp\/v2\/posts\/10353\/revisions"}],"predecessor-version":[{"id":10369,"href":"https:\/\/www.culture.gouv.sn\/index.php\/wp-json\/wp\/v2\/posts\/10353\/revisions\/10369"}],"wp:featuredmedia":[{"embeddable":true,"href":"https:\/\/www.culture.gouv.sn\/index.php\/wp-json\/wp\/v2\/media\/10352"}],"wp:attachment":[{"href":"https:\/\/www.culture.gouv.sn\/index.php\/wp-json\/wp\/v2\/media?parent=10353"}],"wp:term":[{"taxonomy":"category","embeddable":true,"href":"https:\/\/www.culture.gouv.sn\/index.php\/wp-json\/wp\/v2\/categories?post=10353"},{"taxonomy":"post_tag","embeddable":true,"href":"https:\/\/www.culture.gouv.sn\/index.php\/wp-json\/wp\/v2\/tags?post=10353"}],"curies":[{"name":"wp","href":"https:\/\/api.w.org\/{rel}","templated":true}]}}