{"id":10371,"date":"2020-07-30T15:10:15","date_gmt":"2020-07-30T15:10:15","guid":{"rendered":"http:\/\/www.culture.gouv.sn\/?p=10371"},"modified":"2020-07-30T15:10:15","modified_gmt":"2020-07-30T15:10:15","slug":"precisions-sur-le-recrutement-des-animateurs-culturels","status":"publish","type":"post","link":"https:\/\/www.culture.gouv.sn\/index.php\/2020\/07\/30\/precisions-sur-le-recrutement-des-animateurs-culturels\/","title":{"rendered":"Pr\u00e9cisions sur le recrutement des animateurs culturels"},"content":{"rendered":"<div id=\"pl-10371\"  class=\"panel-layout\" ><div id=\"pg-10371-0\"  class=\"panel-grid panel-no-style\" ><div id=\"pgc-10371-0-0\"  class=\"panel-grid-cell\" ><div id=\"panel-10371-0-0-0\" class=\"so-panel widget widget_text panel-first-child panel-last-child\" data-index=\"0\" ><h3 class=\"widget-title\">Pr\u00e9cisions sur le recrutement des animateurs culturels<\/h3>\t\t\t<div class=\"textwidget\"><p>S\u2018adressant \u00e0 l\u2019opinion publique, \u00e0 travers une conf\u00e9rence de presse organis\u00e9e le 28 juillet 2020, les \u00e9tudiants sortants de la 36\u00e8me Promotion des animateurs culturels ont \u00e9voqu\u00e9 dans leur sortie des questions relatives \u00e0 leur recrutement dans la Fonction publique et au recrutement de la 37\u00e8me Promotion \u00e0 la place de la 36\u00e8me sortie bien avant.<br \/>\nLe Minist\u00e8re de la Culture et de la Communication tient \u00e0 faire les pr\u00e9cisions suivantes.<br \/>\nLe recrutement d\u2019agents dans la fonction publique, au regard des attributions des diff\u00e9rents d\u00e9partements minist\u00e9riels, est du ressort exclusif du Minist\u00e8re de la Fonction publique et du Renouveau du Service public.<br \/>\nAinsi, chaque ann\u00e9e, une notification portant sur la disponibilit\u00e9 des postes budg\u00e9taires autoris\u00e9s est faite aux d\u00e9partements qui d\u00e9sirent s\u2019attacher les services de nouveaux agents.<br \/>\nConcernant le recrutement de l\u2019ann\u00e9e 2018 de la 36\u00e8me promotion, le Ministre de la Culture de l\u2019\u00e9poque, apr\u00e8s avoir pris connaissance du quota des postes techniques, avait exprim\u00e9 son accord pour s\u2019attacher les services des sortants de ladite promotion. Il convient de pr\u00e9ciser qu&rsquo;entre temps, la liste des sortants de la 37\u00e8me Promotion a \u00e9t\u00e9 \u00e9galement envoy\u00e9e au minist\u00e8re en charge de la fonction publique.<br \/>\nLa publication de la liste des agents effectivement retenus pour le compte du d\u00e9partement a permis de constater qu\u2019en lieu et place de la 36\u00e8me promotion, ce sont les sortants de la 37\u00e8me promotion qui ont \u00e9t\u00e9 malheureusement retenus par le minist\u00e8re comp\u00e9tent. D&rsquo;ailleurs, des \u00e9changes de correspondances sur cette situation ont eu lieu entre les deux d\u00e9partements minist\u00e9riels.<br \/>\nToutefois, pour ce qui concerne le recrutement de l\u2019ann\u00e9e 2019, des quotas ont \u00e9t\u00e9 notifi\u00e9s au Minist\u00e8re qui, par lettre r\u00e9ponse en date du 03 janvier 2020, a transmis au Ministre en charge de la Fonction publique les profils retenus, parmi lesquels ceux de la 36\u00e8me promotion, afin de permettre \u00e0 la commission nationale de recrutement d\u2019ent\u00e9riner leur engagement.<br \/>\nAussi, est-il besoin de pr\u00e9ciser que ce processus ainsi engag\u00e9 r\u00e9sulte d\u2019une promesse faite \u00e0 l\u2019occasion de l\u2019audience accord\u00e9e par le Ministre aux sortants de la 36\u00e8me promotion.<br \/>\nPar ailleurs, le Minist\u00e8re tient \u00e0 rappeler \u00e0 l\u2019opinion publique, qu\u2019\u00e0 l\u2019image de nombre d\u2019Ecoles nationales de formation professionnelle, les dipl\u00f4mes d\u00e9livr\u00e9s par l\u2019Ecole nationale des Arts ne donnent pas droit \u00e0 l\u2019acc\u00e8s automatique \u00e0 la fonction publique.<br \/>\nCette disposition pr\u00e9vue par l\u2019article 4 du d\u00e9cret n\u00b095-936 du 10 octobre 1995 portant cr\u00e9ation, organisation et fonctionnement de l\u2019Ecole nationale des Arts, est notifi\u00e9e \u00e0 tous les candidats aux concours d\u2019entr\u00e9e \u00e0 travers une fiche d\u2019information.<br \/>\nAu demeurant, dans le sillage de l\u2019audience qui leur a \u00e9t\u00e9 accord\u00e9e, le Minist\u00e8re de la Culture et de la Communication r\u00e9it\u00e8re ses bonnes dispositions \u00e0 maintenir, dans une ambiance sereine et responsable, le dialogue et la concertation porteurs de solutions \u00e0 toutes les questions relatives \u00e0 l\u2019\u00e9pineux probl\u00e8me de l\u2019emploi des jeunes.<br \/>\nFait \u00e0 Dakar, le 28 juillet 2020<\/p>\n<\/div>\n\t\t<\/div><\/div><\/div><\/div>","protected":false},"excerpt":{"rendered":"<p>S\u2018adressant \u00e0 l\u2019opinion publique, \u00e0 travers une conf\u00e9rence de presse organis\u00e9e le 28 juillet 2020, les \u00e9tudiants sortants de la 36\u00e8me Promotion des animateurs culturels ont \u00e9voqu\u00e9 dans leur sortie des questions relatives \u00e0 leur recrutement dans la Fonction publique et au recrutement de la 37\u00e8me Promotion \u00e0 la place de la 36\u00e8me sortie bien [&hellip;]<\/p>\n","protected":false},"author":1,"featured_media":10372,"comment_status":"open","ping_status":"open","sticky":false,"template":"","format":"standard","meta":{"ngg_post_thumbnail":0},"categories":[2],"tags":[],"_links":{"self":[{"href":"https:\/\/www.culture.gouv.sn\/index.php\/wp-json\/wp\/v2\/posts\/10371"}],"collection":[{"href":"https:\/\/www.culture.gouv.sn\/index.php\/wp-json\/wp\/v2\/posts"}],"about":[{"href":"https:\/\/www.culture.gouv.sn\/index.php\/wp-json\/wp\/v2\/types\/post"}],"author":[{"embeddable":true,"href":"https:\/\/www.culture.gouv.sn\/index.php\/wp-json\/wp\/v2\/users\/1"}],"replies":[{"embeddable":true,"href":"https:\/\/www.culture.gouv.sn\/index.php\/wp-json\/wp\/v2\/comments?post=10371"}],"version-history":[{"count":2,"href":"https:\/\/www.culture.gouv.sn\/index.php\/wp-json\/wp\/v2\/posts\/10371\/revisions"}],"predecessor-version":[{"id":10379,"href":"https:\/\/www.culture.gouv.sn\/index.php\/wp-json\/wp\/v2\/posts\/10371\/revisions\/10379"}],"wp:featuredmedia":[{"embeddable":true,"href":"https:\/\/www.culture.gouv.sn\/index.php\/wp-json\/wp\/v2\/media\/10372"}],"wp:attachment":[{"href":"https:\/\/www.culture.gouv.sn\/index.php\/wp-json\/wp\/v2\/media?parent=10371"}],"wp:term":[{"taxonomy":"category","embeddable":true,"href":"https:\/\/www.culture.gouv.sn\/index.php\/wp-json\/wp\/v2\/categories?post=10371"},{"taxonomy":"post_tag","embeddable":true,"href":"https:\/\/www.culture.gouv.sn\/index.php\/wp-json\/wp\/v2\/tags?post=10371"}],"curies":[{"name":"wp","href":"https:\/\/api.w.org\/{rel}","templated":true}]}}