{"id":10380,"date":"2020-08-05T13:01:38","date_gmt":"2020-08-05T13:01:38","guid":{"rendered":"http:\/\/www.culture.gouv.sn\/?p=10380"},"modified":"2020-08-05T13:01:38","modified_gmt":"2020-08-05T13:01:38","slug":"communique-du-ministre","status":"publish","type":"post","link":"https:\/\/www.culture.gouv.sn\/index.php\/2020\/08\/05\/communique-du-ministre\/","title":{"rendered":"COMMUNIQUE DU MINISTRE"},"content":{"rendered":"<div id=\"pl-10380\"  class=\"panel-layout\" ><div id=\"pg-10380-0\"  class=\"panel-grid panel-no-style\" ><div id=\"pgc-10380-0-0\"  class=\"panel-grid-cell\" ><div id=\"panel-10380-0-0-0\" class=\"so-panel widget widget_text panel-first-child panel-last-child\" data-index=\"0\" ><h3 class=\"widget-title\">COMMUNIQUE DU MINISTRE<\/h3>\t\t\t<div class=\"textwidget\"><p>J\u2019ai appris, avec une profonde indignation, doubl\u00e9e d\u2019une peine profonde, l\u2019attaque, ce lundi 03 ao\u00fbt 2020, du si\u00e8ge du journal Les Echos et du saccage du mat\u00e9riel de travail par un groupe d\u2019individus. Ces actes irresponsables auraient pu aboutir, autrement, \u00e0 une situation beaucoup plus grave.<\/p>\n<p>Tout en exprimant mon enti\u00e8re solidarit\u00e9 au Directeur de publication et aux travailleurs, je condamne, fermement, de telles d\u00e9rives qui n\u2019honorent pas leurs auteurs et qui ne peuvent, aucunement, \u00eatre tol\u00e9r\u00e9es. Le S\u00e9n\u00e9gal est un Etat de droit o\u00f9 la libert\u00e9 de presse est un acquis fondamental consacr\u00e9 par la Constitution.<\/p>\n<p>Je demeure, par cons\u00e9quent, convaincu que les suites appropri\u00e9es seront r\u00e9serv\u00e9es \u00e0 la plainte d\u00e9pos\u00e9e pour que les auteurs de ces actes r\u00e9pr\u00e9hensibles soient traduits devant la justice.<\/p>\n<p>Pour finir, j\u2019en appelle \u00e0 la retenue et au sens des responsabilit\u00e9s de tous pour que les efforts de notre pays, r\u00e9solument d\u00e9ploy\u00e9s vers la lutte contre la covid-19, ne soient pas affaiblis par des pratiques aussi abjectes.<\/p>\n<p>Fait \u00e0 Dakar, le 04 ao\u00fbt 2020<\/p>\n<\/div>\n\t\t<\/div><\/div><\/div><\/div>","protected":false},"excerpt":{"rendered":"<p>J\u2019ai appris, avec une profonde indignation, doubl\u00e9e d\u2019une peine profonde, l\u2019attaque, ce lundi 03 ao\u00fbt 2020, du si\u00e8ge du journal Les Echos et du saccage du mat\u00e9riel de travail par un groupe d\u2019individus. Ces actes irresponsables auraient pu aboutir, autrement, \u00e0 une situation beaucoup plus grave. Tout en exprimant mon enti\u00e8re solidarit\u00e9 au Directeur de [&hellip;]<\/p>\n","protected":false},"author":1,"featured_media":10378,"comment_status":"open","ping_status":"open","sticky":false,"template":"","format":"standard","meta":{"ngg_post_thumbnail":0},"categories":[2],"tags":[],"_links":{"self":[{"href":"https:\/\/www.culture.gouv.sn\/index.php\/wp-json\/wp\/v2\/posts\/10380"}],"collection":[{"href":"https:\/\/www.culture.gouv.sn\/index.php\/wp-json\/wp\/v2\/posts"}],"about":[{"href":"https:\/\/www.culture.gouv.sn\/index.php\/wp-json\/wp\/v2\/types\/post"}],"author":[{"embeddable":true,"href":"https:\/\/www.culture.gouv.sn\/index.php\/wp-json\/wp\/v2\/users\/1"}],"replies":[{"embeddable":true,"href":"https:\/\/www.culture.gouv.sn\/index.php\/wp-json\/wp\/v2\/comments?post=10380"}],"version-history":[{"count":2,"href":"https:\/\/www.culture.gouv.sn\/index.php\/wp-json\/wp\/v2\/posts\/10380\/revisions"}],"predecessor-version":[{"id":10382,"href":"https:\/\/www.culture.gouv.sn\/index.php\/wp-json\/wp\/v2\/posts\/10380\/revisions\/10382"}],"wp:featuredmedia":[{"embeddable":true,"href":"https:\/\/www.culture.gouv.sn\/index.php\/wp-json\/wp\/v2\/media\/10378"}],"wp:attachment":[{"href":"https:\/\/www.culture.gouv.sn\/index.php\/wp-json\/wp\/v2\/media?parent=10380"}],"wp:term":[{"taxonomy":"category","embeddable":true,"href":"https:\/\/www.culture.gouv.sn\/index.php\/wp-json\/wp\/v2\/categories?post=10380"},{"taxonomy":"post_tag","embeddable":true,"href":"https:\/\/www.culture.gouv.sn\/index.php\/wp-json\/wp\/v2\/tags?post=10380"}],"curies":[{"name":"wp","href":"https:\/\/api.w.org\/{rel}","templated":true}]}}