{"id":10384,"date":"2020-08-13T01:32:10","date_gmt":"2020-08-13T01:32:10","guid":{"rendered":"http:\/\/www.culture.gouv.sn\/?p=10384"},"modified":"2020-08-13T01:32:10","modified_gmt":"2020-08-13T01:32:10","slug":"statut-de-lartiste-le-projet-de-loi-adopte-en-conseil-des-ministres","status":"publish","type":"post","link":"https:\/\/www.culture.gouv.sn\/index.php\/2020\/08\/13\/statut-de-lartiste-le-projet-de-loi-adopte-en-conseil-des-ministres\/","title":{"rendered":"Statut de l\u2019artiste: le projet de loi adopt\u00e9 en Conseil des ministres"},"content":{"rendered":"<div id=\"pl-10384\"  class=\"panel-layout\" ><div id=\"pg-10384-0\"  class=\"panel-grid panel-no-style\" ><div id=\"pgc-10384-0-0\"  class=\"panel-grid-cell\" ><div id=\"panel-10384-0-0-0\" class=\"so-panel widget widget_text panel-first-child panel-last-child\" data-index=\"0\" ><h3 class=\"widget-title\">Statut de l\u2019artiste: le projet de loi adopt\u00e9 en Conseil des ministres<\/h3>\t\t\t<div class=\"textwidget\"><p>Monsieur le Pr\u00e9sident de la R\u00e9publique a encore exprim\u00e9 toute sa sollicitude et sa consid\u00e9ration \u00e0 l\u2019endroit de la communaut\u00e9 artistique en faisant adopter ce mercredi 12 ao\u00fbt 2020, \u00e0 l\u2019occasion du Conseil des ministres, le projet de loi portant statut de l\u2019artiste et des professionnels de la Culture.<br \/>\nEn ordonnant sa finalisation, Monsieur le Pr\u00e9sident de la R\u00e9publique, a rendu possible le parach\u00e8vement d\u2019un processus attendu depuis plus d\u2019une d\u00e9cennie par toute la communaut\u00e9 artistique.<br \/>\nLe S\u00e9n\u00e9gal s\u2019appr\u00eate ainsi \u00e0 faire entrer dans sa l\u00e9gislation des mesures-phares pour la r\u00e9glementation de l\u2019emploi, des conditions de travail et de vie des artistes marquant ainsi une rupture d\u00e9finitive avec l\u2019informel qui plombe si lourdement le d\u00e9veloppement du secteur et l\u2019\u00e9panouissement du monde culturel.<br \/>\nCette loi, fruit d\u2019un travail inclusif et participatif ayant mobilis\u00e9 toutes les parties prenantes fortement engag\u00e9es, vient ainsi rem\u00e9dier a\u0300 la faible structuration d\u2019un secteur qui\u00a0 a jusqu&rsquo;ici souffert de l\u2019absence de statut permettant aux artistes et autres professionnels de la culture de jouir des b\u00e9n\u00e9fices et avantages que le Code du travail octroie a\u0300 la quasi-totalit\u00e9 des autres cat\u00e9gories de m\u00e9tiers en mati\u00e8re de prestations sociales, de protection contre les risques ou de droit a\u0300 la sante\u0301, entre autres.<br \/>\nC\u2019est pourquoi, je tiens \u00e0 exprimer ma profonde gratitude, \u00e0 la hauteur de la satisfaction exprim\u00e9e par la communaut\u00e9 artistique, au Protecteur des Arts et des Lettres, Son Excellence Monsieur Macky SALL, Pr\u00e9sident de la R\u00e9publique.<br \/>\nAbdoulaye DIOP<br \/>\nMinistre de la Culture et de la Communication<\/p>\n<\/div>\n\t\t<\/div><\/div><\/div><\/div>","protected":false},"excerpt":{"rendered":"<p>Monsieur le Pr\u00e9sident de la R\u00e9publique a encore exprim\u00e9 toute sa sollicitude et sa consid\u00e9ration \u00e0 l\u2019endroit de la communaut\u00e9 artistique en faisant adopter ce mercredi 12 ao\u00fbt 2020, \u00e0 l\u2019occasion du Conseil des ministres, le projet de loi portant statut de l\u2019artiste et des professionnels de la Culture. En ordonnant sa finalisation, Monsieur le [&hellip;]<\/p>\n","protected":false},"author":1,"featured_media":10385,"comment_status":"open","ping_status":"open","sticky":false,"template":"","format":"standard","meta":{"ngg_post_thumbnail":0},"categories":[2],"tags":[],"_links":{"self":[{"href":"https:\/\/www.culture.gouv.sn\/index.php\/wp-json\/wp\/v2\/posts\/10384"}],"collection":[{"href":"https:\/\/www.culture.gouv.sn\/index.php\/wp-json\/wp\/v2\/posts"}],"about":[{"href":"https:\/\/www.culture.gouv.sn\/index.php\/wp-json\/wp\/v2\/types\/post"}],"author":[{"embeddable":true,"href":"https:\/\/www.culture.gouv.sn\/index.php\/wp-json\/wp\/v2\/users\/1"}],"replies":[{"embeddable":true,"href":"https:\/\/www.culture.gouv.sn\/index.php\/wp-json\/wp\/v2\/comments?post=10384"}],"version-history":[{"count":2,"href":"https:\/\/www.culture.gouv.sn\/index.php\/wp-json\/wp\/v2\/posts\/10384\/revisions"}],"predecessor-version":[{"id":10387,"href":"https:\/\/www.culture.gouv.sn\/index.php\/wp-json\/wp\/v2\/posts\/10384\/revisions\/10387"}],"wp:featuredmedia":[{"embeddable":true,"href":"https:\/\/www.culture.gouv.sn\/index.php\/wp-json\/wp\/v2\/media\/10385"}],"wp:attachment":[{"href":"https:\/\/www.culture.gouv.sn\/index.php\/wp-json\/wp\/v2\/media?parent=10384"}],"wp:term":[{"taxonomy":"category","embeddable":true,"href":"https:\/\/www.culture.gouv.sn\/index.php\/wp-json\/wp\/v2\/categories?post=10384"},{"taxonomy":"post_tag","embeddable":true,"href":"https:\/\/www.culture.gouv.sn\/index.php\/wp-json\/wp\/v2\/tags?post=10384"}],"curies":[{"name":"wp","href":"https:\/\/api.w.org\/{rel}","templated":true}]}}