{"id":10564,"date":"2020-10-14T20:49:20","date_gmt":"2020-10-14T20:49:20","guid":{"rendered":"http:\/\/www.culture.gouv.sn\/?p=10564"},"modified":"2020-10-14T20:49:20","modified_gmt":"2020-10-14T20:49:20","slug":"fete-du-roi-doussouye-le-patrimoine-immateriel-du-kassa-en-exergue","status":"publish","type":"post","link":"https:\/\/www.culture.gouv.sn\/index.php\/2020\/10\/14\/fete-du-roi-doussouye-le-patrimoine-immateriel-du-kassa-en-exergue\/","title":{"rendered":"F\u00eate du Roi d\u2019Oussouye: le patrimoine immat\u00e9riel du Kassa en exergue"},"content":{"rendered":"<div id=\"pl-10564\"  class=\"panel-layout\" ><div id=\"pg-10564-0\"  class=\"panel-grid panel-no-style\" ><div id=\"pgc-10564-0-0\"  class=\"panel-grid-cell\" ><div id=\"panel-10564-0-0-0\" class=\"so-panel widget widget_text panel-first-child panel-last-child\" data-index=\"0\" ><h3 class=\"widget-title\">F\u00eate du Roi d\u2019Oussouye: Le patrimoine immat\u00e9riel du Kassa en exergue<\/h3>\t\t\t<div class=\"textwidget\"><p>La 17<sup>\u00e8me<\/sup>\u00a0\u00e9dition de la f\u00eate du Roi ou \u00ab\u00a0Houmeubeul\u00a0\u00bb a \u00e9t\u00e9 dens\u00e9ment c\u00e9l\u00e9br\u00e9e dans la pure tradition du Kassa dans le d\u00e9partement d\u2019Oussouye. Alliant le cultuel et la culture, la f\u00eate a \u00e9t\u00e9 l&rsquo;occasion pour les populations avec \u00e0 leur t\u00eate le Roi Sibilumbaye Di\u00e9dhiou, de montrer les diff\u00e9rentes facettes de la culture des villages de Kahinda, d\u2019Oukout, de Boukitingo, de Carrounate, de Mlomp, etc.<\/p>\n<p>Pri\u00e8res, libations, danses, chants, sortie du tam-tam sacr\u00e9 et d\u00e9monstration de la danse des braves, ont rythm\u00e9 pendant un peu plus de deux semaines les festivit\u00e9s du \u00ab\u00a0Houmeubeul\u00a0\u00bb.<\/p>\n<p>Le Pr\u00e9sident de la R\u00e9publique Macky Sall \u00e9tait repr\u00e9sent\u00e9 \u00e0 cette importante manifestation par Abdoulaye Diop, ministre de la Culture et de la Communication accompagn\u00e9 de sa coll\u00e8gue Aminata Assome Diatta, ministre du commerce.<\/p>\n<p>Dans son message, le ministre a salu\u00e9 l&rsquo;organisation d&rsquo;une telle manifestation qui a permis de montrer la richesse du patrimoine culturel immat\u00e9riel de notre pays.<\/p>\n<p>Abdoulaye Diop a insist\u00e9 sur les valeurs de paix, de concorde, de solidarit\u00e9, d&rsquo;\u00e9quit\u00e9, d&rsquo;hospitalit\u00e9 et d\u2019inclusion pr\u00f4n\u00e9es par la f\u00eate du Roi.<\/p>\n<p><img loading=\"lazy\" class=\"alignnone size-medium wp-image-10565\" src=\"http:\/\/www.culture.gouv.sn\/wp-content\/uploads\/2020\/10\/IMG-20201014-WA0006-300x225.jpg\" alt=\"\" width=\"300\" height=\"225\" srcset=\"https:\/\/www.culture.gouv.sn\/wp-content\/uploads\/2020\/10\/IMG-20201014-WA0006-300x225.jpg 300w, https:\/\/www.culture.gouv.sn\/wp-content\/uploads\/2020\/10\/IMG-20201014-WA0006-600x450.jpg 600w, https:\/\/www.culture.gouv.sn\/wp-content\/uploads\/2020\/10\/IMG-20201014-WA0006-768x576.jpg 768w, https:\/\/www.culture.gouv.sn\/wp-content\/uploads\/2020\/10\/IMG-20201014-WA0006-24x18.jpg 24w, https:\/\/www.culture.gouv.sn\/wp-content\/uploads\/2020\/10\/IMG-20201014-WA0006-36x27.jpg 36w, https:\/\/www.culture.gouv.sn\/wp-content\/uploads\/2020\/10\/IMG-20201014-WA0006-48x36.jpg 48w, https:\/\/www.culture.gouv.sn\/wp-content\/uploads\/2020\/10\/IMG-20201014-WA0006.jpg 1000w\" sizes=\"(max-width: 300px) 100vw, 300px\" \/> <img loading=\"lazy\" class=\"alignnone size-medium wp-image-10566\" src=\"http:\/\/www.culture.gouv.sn\/wp-content\/uploads\/2020\/10\/IMG-20201013-WA0006-300x225.jpg\" alt=\"\" width=\"300\" height=\"225\" srcset=\"https:\/\/www.culture.gouv.sn\/wp-content\/uploads\/2020\/10\/IMG-20201013-WA0006-300x225.jpg 300w, https:\/\/www.culture.gouv.sn\/wp-content\/uploads\/2020\/10\/IMG-20201013-WA0006-600x450.jpg 600w, https:\/\/www.culture.gouv.sn\/wp-content\/uploads\/2020\/10\/IMG-20201013-WA0006-768x576.jpg 768w, https:\/\/www.culture.gouv.sn\/wp-content\/uploads\/2020\/10\/IMG-20201013-WA0006-24x18.jpg 24w, https:\/\/www.culture.gouv.sn\/wp-content\/uploads\/2020\/10\/IMG-20201013-WA0006-36x27.jpg 36w, https:\/\/www.culture.gouv.sn\/wp-content\/uploads\/2020\/10\/IMG-20201013-WA0006-48x36.jpg 48w, https:\/\/www.culture.gouv.sn\/wp-content\/uploads\/2020\/10\/IMG-20201013-WA0006.jpg 1000w\" sizes=\"(max-width: 300px) 100vw, 300px\" \/><\/p>\n<\/div>\n\t\t<\/div><\/div><\/div><\/div>","protected":false},"excerpt":{"rendered":"<p>La 17\u00e8me\u00a0\u00e9dition de la f\u00eate du Roi ou \u00ab\u00a0Houmeubeul\u00a0\u00bb a \u00e9t\u00e9 dens\u00e9ment c\u00e9l\u00e9br\u00e9e dans la pure tradition du Kassa dans le d\u00e9partement d\u2019Oussouye. Alliant le cultuel et la culture, la f\u00eate a \u00e9t\u00e9 l&rsquo;occasion pour les populations avec \u00e0 leur t\u00eate le Roi Sibilumbaye Di\u00e9dhiou, de montrer les diff\u00e9rentes facettes de la culture des villages [&hellip;]<\/p>\n","protected":false},"author":1,"featured_media":10568,"comment_status":"open","ping_status":"open","sticky":false,"template":"","format":"standard","meta":{"ngg_post_thumbnail":0},"categories":[2],"tags":[],"_links":{"self":[{"href":"https:\/\/www.culture.gouv.sn\/index.php\/wp-json\/wp\/v2\/posts\/10564"}],"collection":[{"href":"https:\/\/www.culture.gouv.sn\/index.php\/wp-json\/wp\/v2\/posts"}],"about":[{"href":"https:\/\/www.culture.gouv.sn\/index.php\/wp-json\/wp\/v2\/types\/post"}],"author":[{"embeddable":true,"href":"https:\/\/www.culture.gouv.sn\/index.php\/wp-json\/wp\/v2\/users\/1"}],"replies":[{"embeddable":true,"href":"https:\/\/www.culture.gouv.sn\/index.php\/wp-json\/wp\/v2\/comments?post=10564"}],"version-history":[{"count":1,"href":"https:\/\/www.culture.gouv.sn\/index.php\/wp-json\/wp\/v2\/posts\/10564\/revisions"}],"predecessor-version":[{"id":10569,"href":"https:\/\/www.culture.gouv.sn\/index.php\/wp-json\/wp\/v2\/posts\/10564\/revisions\/10569"}],"wp:featuredmedia":[{"embeddable":true,"href":"https:\/\/www.culture.gouv.sn\/index.php\/wp-json\/wp\/v2\/media\/10568"}],"wp:attachment":[{"href":"https:\/\/www.culture.gouv.sn\/index.php\/wp-json\/wp\/v2\/media?parent=10564"}],"wp:term":[{"taxonomy":"category","embeddable":true,"href":"https:\/\/www.culture.gouv.sn\/index.php\/wp-json\/wp\/v2\/categories?post=10564"},{"taxonomy":"post_tag","embeddable":true,"href":"https:\/\/www.culture.gouv.sn\/index.php\/wp-json\/wp\/v2\/tags?post=10564"}],"curies":[{"name":"wp","href":"https:\/\/api.w.org\/{rel}","templated":true}]}}