{"id":10570,"date":"2020-10-15T19:27:35","date_gmt":"2020-10-15T19:27:35","guid":{"rendered":"http:\/\/www.culture.gouv.sn\/?p=10570"},"modified":"2020-10-15T19:27:35","modified_gmt":"2020-10-15T19:27:35","slug":"sodav-le-chef-de-letat-demande-une-evaluation-institutionnelle-et-financiere","status":"publish","type":"post","link":"https:\/\/www.culture.gouv.sn\/index.php\/2020\/10\/15\/sodav-le-chef-de-letat-demande-une-evaluation-institutionnelle-et-financiere\/","title":{"rendered":"SODAV : le Chef de l\u2019Etat demande une \u00e9valuation institutionnelle et financi\u00e8re"},"content":{"rendered":"<div id=\"pl-10570\"  class=\"panel-layout\" ><div id=\"pg-10570-0\"  class=\"panel-grid panel-no-style\" ><div id=\"pgc-10570-0-0\"  class=\"panel-grid-cell\" ><div id=\"panel-10570-0-0-0\" class=\"so-panel widget widget_text panel-first-child panel-last-child\" data-index=\"0\" ><h3 class=\"widget-title\">SODAV : le Chef de l\u2019Etat demande une \u00e9valuation institutionnelle et financi\u00e8re<\/h3>\t\t\t<div class=\"textwidget\"><p>Au cours de la r\u00e9union hebdomadaire du Conseil des ministres du mercredi 14 octobre 2020, le Pr\u00e9sident de la R\u00e9publique a demand\u00e9 au ministre de la Culture de proc\u00e9der, avec toutes les parties prenantes, \u00e0 l\u2019\u00e9valuation institutionnelle et financi\u00e8re de la\u00a0S\u00e9n\u00e9galaise des Droits d\u2019Auteurs et des droits Voisins\u00a0(SODAV) et \u00e0 la mise en place, fonctionnelle, de la Commission permanente de Contr\u00f4le des soci\u00e9t\u00e9s de gestion collective.<\/p>\n<p>La SODAV a \u00e9t\u00e9 institu\u00e9e par la\u00a0Loi n\u00b02008-09 du 25 janvier 2008 en remplacement du d\u00e9funt Bureau s\u00e9n\u00e9galais du droit d\u2019auteur (BSDA). Elle est une soci\u00e9t\u00e9 civile de gestion collective charg\u00e9e des droits de propri\u00e9t\u00e9 litt\u00e9raire et artistique.<\/p>\n<\/div>\n\t\t<\/div><\/div><\/div><\/div>","protected":false},"excerpt":{"rendered":"<p>Au cours de la r\u00e9union hebdomadaire du Conseil des ministres du mercredi 14 octobre 2020, le Pr\u00e9sident de la R\u00e9publique a demand\u00e9 au ministre de la Culture de proc\u00e9der, avec toutes les parties prenantes, \u00e0 l\u2019\u00e9valuation institutionnelle et financi\u00e8re de la\u00a0S\u00e9n\u00e9galaise des Droits d\u2019Auteurs et des droits Voisins\u00a0(SODAV) et \u00e0 la mise en place, fonctionnelle, [&hellip;]<\/p>\n","protected":false},"author":1,"featured_media":10571,"comment_status":"open","ping_status":"open","sticky":false,"template":"","format":"standard","meta":{"ngg_post_thumbnail":0},"categories":[2],"tags":[],"_links":{"self":[{"href":"https:\/\/www.culture.gouv.sn\/index.php\/wp-json\/wp\/v2\/posts\/10570"}],"collection":[{"href":"https:\/\/www.culture.gouv.sn\/index.php\/wp-json\/wp\/v2\/posts"}],"about":[{"href":"https:\/\/www.culture.gouv.sn\/index.php\/wp-json\/wp\/v2\/types\/post"}],"author":[{"embeddable":true,"href":"https:\/\/www.culture.gouv.sn\/index.php\/wp-json\/wp\/v2\/users\/1"}],"replies":[{"embeddable":true,"href":"https:\/\/www.culture.gouv.sn\/index.php\/wp-json\/wp\/v2\/comments?post=10570"}],"version-history":[{"count":2,"href":"https:\/\/www.culture.gouv.sn\/index.php\/wp-json\/wp\/v2\/posts\/10570\/revisions"}],"predecessor-version":[{"id":10573,"href":"https:\/\/www.culture.gouv.sn\/index.php\/wp-json\/wp\/v2\/posts\/10570\/revisions\/10573"}],"wp:featuredmedia":[{"embeddable":true,"href":"https:\/\/www.culture.gouv.sn\/index.php\/wp-json\/wp\/v2\/media\/10571"}],"wp:attachment":[{"href":"https:\/\/www.culture.gouv.sn\/index.php\/wp-json\/wp\/v2\/media?parent=10570"}],"wp:term":[{"taxonomy":"category","embeddable":true,"href":"https:\/\/www.culture.gouv.sn\/index.php\/wp-json\/wp\/v2\/categories?post=10570"},{"taxonomy":"post_tag","embeddable":true,"href":"https:\/\/www.culture.gouv.sn\/index.php\/wp-json\/wp\/v2\/tags?post=10570"}],"curies":[{"name":"wp","href":"https:\/\/api.w.org\/{rel}","templated":true}]}}