{"id":10843,"date":"2020-12-10T18:25:45","date_gmt":"2020-12-10T18:25:45","guid":{"rendered":"http:\/\/www.culture.gouv.sn\/?p=10843"},"modified":"2020-12-10T18:25:46","modified_gmt":"2020-12-10T18:25:46","slug":"an-2-du-musee-des-civilisations-noires-une-nouvelle-exposition-met-en-avant-lafrique-dynamique-et-creatrice","status":"publish","type":"post","link":"https:\/\/www.culture.gouv.sn\/index.php\/2020\/12\/10\/an-2-du-musee-des-civilisations-noires-une-nouvelle-exposition-met-en-avant-lafrique-dynamique-et-creatrice\/","title":{"rendered":"An 2 du Mus\u00e9e des Civilisations noires : Une nouvelle exposition met en avant \u2018\u2019l\u2019Afrique dynamique et cr\u00e9atrice\u2019\u2019"},"content":{"rendered":"<div id=\"pl-10843\"  class=\"panel-layout\" ><div id=\"pg-10843-0\"  class=\"panel-grid panel-no-style\" ><div id=\"pgc-10843-0-0\"  class=\"panel-grid-cell\" ><div id=\"panel-10843-0-0-0\" class=\"so-panel widget widget_text panel-first-child panel-last-child\" data-index=\"0\" ><h3 class=\"widget-title\">An 2 du Mus\u00e9e des Civilisations noires : Une nouvelle exposition met en avant \u2018\u2019l\u2019Afrique dynamique et cr\u00e9atrice\u2019\u2019<\/h3>\t\t\t<div class=\"textwidget\"><p>Le Mus\u00e9e des civilisations noires (MCN) de Dakar a rouvert ce mardi 8 d\u00e9cembre 2020 ses portes avec une nouvelle exposition \u00ab\u00a0<em>d\u2019une Afrique dynamique et cr\u00e9atrice<\/em>\u00a0\u00bb pour c\u00e9l\u00e9brer son deuxi\u00e8me anniversaire. Le vernissage officiel de l\u2019exposition a \u00e9t\u00e9 pr\u00e9sid\u00e9 par le ministre de la Culture et de la Communication, Abdoulaye Diop.<\/p>\n<p>Le ministre de la Culture et de la Communication a invit\u00e9 \u00e0 \u2018\u2019un retour \u00e0 l\u2019essentiel\u2019\u2019 apr\u00e8s une ann\u00e9e \u00e9prouv\u00e9e par la pand\u00e9mie du Covid-19. Il a rappel\u00e9 l\u2019appui constant apport\u00e9 par le chef de l\u2019Etat Macky Sall au MCN \u2018\u2019un outil de d\u00e9veloppement scientifique\u2019\u2019 pour lui permettre de maintenir sa programmation.<\/p>\n<p>L\u2019exposition de la r\u00e9ouverture dont la sc\u00e9nographie est sign\u00e9e par l\u2019artiste s\u00e9n\u00e9galais Fod\u00e9 Camara montre de nouvelles pi\u00e8ces pr\u00e9sent\u00e9es dans des espaces r\u00e9am\u00e9nag\u00e9s. \u00ab\u00a0Il y a des th\u00e9matiques qui seront permanentes. Nous n\u2019abandonnerons jamais les civilisations africaines traditionnelles, ni la production contemporaine, ni encore moins la spiritualit\u00e9 africaine. Ces trois th\u00e8mes sont permanents, mais il y un fondateur, c\u2019est l\u2019Afrique berceau de l\u2019humanit\u00e9\u2019\u2019, a d\u00e9clar\u00e9 son directeur g\u00e9n\u00e9ral le professeur Hamady Bocoum lors du vernissage de l\u2019exposition de r\u00e9ouverture.<\/p>\n<p><img loading=\"lazy\" class=\"alignnone size-medium wp-image-10844\" src=\"http:\/\/www.culture.gouv.sn\/wp-content\/uploads\/2020\/12\/IMG-20201209-WA0008-300x225.jpg\" alt=\"\" width=\"300\" height=\"225\" srcset=\"https:\/\/www.culture.gouv.sn\/wp-content\/uploads\/2020\/12\/IMG-20201209-WA0008-300x225.jpg 300w, https:\/\/www.culture.gouv.sn\/wp-content\/uploads\/2020\/12\/IMG-20201209-WA0008-600x450.jpg 600w, https:\/\/www.culture.gouv.sn\/wp-content\/uploads\/2020\/12\/IMG-20201209-WA0008-768x576.jpg 768w, https:\/\/www.culture.gouv.sn\/wp-content\/uploads\/2020\/12\/IMG-20201209-WA0008-24x18.jpg 24w, https:\/\/www.culture.gouv.sn\/wp-content\/uploads\/2020\/12\/IMG-20201209-WA0008-36x27.jpg 36w, https:\/\/www.culture.gouv.sn\/wp-content\/uploads\/2020\/12\/IMG-20201209-WA0008-48x36.jpg 48w, https:\/\/www.culture.gouv.sn\/wp-content\/uploads\/2020\/12\/IMG-20201209-WA0008.jpg 1000w\" sizes=\"(max-width: 300px) 100vw, 300px\" \/> <img loading=\"lazy\" class=\"alignnone size-medium wp-image-10850\" src=\"http:\/\/www.culture.gouv.sn\/wp-content\/uploads\/2020\/12\/IMG-20201209-WA0022-300x225.jpg\" alt=\"\" width=\"300\" height=\"225\" srcset=\"https:\/\/www.culture.gouv.sn\/wp-content\/uploads\/2020\/12\/IMG-20201209-WA0022-300x225.jpg 300w, https:\/\/www.culture.gouv.sn\/wp-content\/uploads\/2020\/12\/IMG-20201209-WA0022-600x450.jpg 600w, https:\/\/www.culture.gouv.sn\/wp-content\/uploads\/2020\/12\/IMG-20201209-WA0022-768x576.jpg 768w, https:\/\/www.culture.gouv.sn\/wp-content\/uploads\/2020\/12\/IMG-20201209-WA0022-24x18.jpg 24w, https:\/\/www.culture.gouv.sn\/wp-content\/uploads\/2020\/12\/IMG-20201209-WA0022-36x27.jpg 36w, https:\/\/www.culture.gouv.sn\/wp-content\/uploads\/2020\/12\/IMG-20201209-WA0022-48x36.jpg 48w, https:\/\/www.culture.gouv.sn\/wp-content\/uploads\/2020\/12\/IMG-20201209-WA0022.jpg 1000w\" sizes=\"(max-width: 300px) 100vw, 300px\" \/><\/p>\n<p><img loading=\"lazy\" class=\"alignnone size-medium wp-image-10847\" src=\"http:\/\/www.culture.gouv.sn\/wp-content\/uploads\/2020\/12\/IMG-20201209-WA0016-225x300.jpg\" alt=\"\" width=\"225\" height=\"300\" srcset=\"https:\/\/www.culture.gouv.sn\/wp-content\/uploads\/2020\/12\/IMG-20201209-WA0016-225x300.jpg 225w, https:\/\/www.culture.gouv.sn\/wp-content\/uploads\/2020\/12\/IMG-20201209-WA0016-600x800.jpg 600w, https:\/\/www.culture.gouv.sn\/wp-content\/uploads\/2020\/12\/IMG-20201209-WA0016-300x400.jpg 300w, https:\/\/www.culture.gouv.sn\/wp-content\/uploads\/2020\/12\/IMG-20201209-WA0016-18x24.jpg 18w, https:\/\/www.culture.gouv.sn\/wp-content\/uploads\/2020\/12\/IMG-20201209-WA0016-27x36.jpg 27w, https:\/\/www.culture.gouv.sn\/wp-content\/uploads\/2020\/12\/IMG-20201209-WA0016-36x48.jpg 36w, https:\/\/www.culture.gouv.sn\/wp-content\/uploads\/2020\/12\/IMG-20201209-WA0016.jpg 750w\" sizes=\"(max-width: 225px) 100vw, 225px\" \/> <img loading=\"lazy\" class=\"alignnone size-medium wp-image-10852\" src=\"http:\/\/www.culture.gouv.sn\/wp-content\/uploads\/2020\/12\/IMG-20201209-WA0021-225x300.jpg\" alt=\"\" width=\"225\" height=\"300\" srcset=\"https:\/\/www.culture.gouv.sn\/wp-content\/uploads\/2020\/12\/IMG-20201209-WA0021-225x300.jpg 225w, https:\/\/www.culture.gouv.sn\/wp-content\/uploads\/2020\/12\/IMG-20201209-WA0021-600x800.jpg 600w, https:\/\/www.culture.gouv.sn\/wp-content\/uploads\/2020\/12\/IMG-20201209-WA0021-300x400.jpg 300w, https:\/\/www.culture.gouv.sn\/wp-content\/uploads\/2020\/12\/IMG-20201209-WA0021-18x24.jpg 18w, https:\/\/www.culture.gouv.sn\/wp-content\/uploads\/2020\/12\/IMG-20201209-WA0021-27x36.jpg 27w, https:\/\/www.culture.gouv.sn\/wp-content\/uploads\/2020\/12\/IMG-20201209-WA0021-36x48.jpg 36w, https:\/\/www.culture.gouv.sn\/wp-content\/uploads\/2020\/12\/IMG-20201209-WA0021.jpg 750w\" sizes=\"(max-width: 225px) 100vw, 225px\" \/><\/p>\n<p>&nbsp;<\/p>\n<\/div>\n\t\t<\/div><\/div><\/div><\/div>","protected":false},"excerpt":{"rendered":"<p>Le Mus\u00e9e des civilisations noires (MCN) de Dakar a rouvert ce mardi 8 d\u00e9cembre 2020 ses portes avec une nouvelle exposition \u00ab\u00a0d\u2019une Afrique dynamique et cr\u00e9atrice\u00a0\u00bb pour c\u00e9l\u00e9brer son deuxi\u00e8me anniversaire. Le vernissage officiel de l\u2019exposition a \u00e9t\u00e9 pr\u00e9sid\u00e9 par le ministre de la Culture et de la Communication, Abdoulaye Diop. Le ministre de la [&hellip;]<\/p>\n","protected":false},"author":1,"featured_media":10851,"comment_status":"open","ping_status":"open","sticky":false,"template":"","format":"standard","meta":{"ngg_post_thumbnail":0},"categories":[2],"tags":[],"_links":{"self":[{"href":"https:\/\/www.culture.gouv.sn\/index.php\/wp-json\/wp\/v2\/posts\/10843"}],"collection":[{"href":"https:\/\/www.culture.gouv.sn\/index.php\/wp-json\/wp\/v2\/posts"}],"about":[{"href":"https:\/\/www.culture.gouv.sn\/index.php\/wp-json\/wp\/v2\/types\/post"}],"author":[{"embeddable":true,"href":"https:\/\/www.culture.gouv.sn\/index.php\/wp-json\/wp\/v2\/users\/1"}],"replies":[{"embeddable":true,"href":"https:\/\/www.culture.gouv.sn\/index.php\/wp-json\/wp\/v2\/comments?post=10843"}],"version-history":[{"count":2,"href":"https:\/\/www.culture.gouv.sn\/index.php\/wp-json\/wp\/v2\/posts\/10843\/revisions"}],"predecessor-version":[{"id":10854,"href":"https:\/\/www.culture.gouv.sn\/index.php\/wp-json\/wp\/v2\/posts\/10843\/revisions\/10854"}],"wp:featuredmedia":[{"embeddable":true,"href":"https:\/\/www.culture.gouv.sn\/index.php\/wp-json\/wp\/v2\/media\/10851"}],"wp:attachment":[{"href":"https:\/\/www.culture.gouv.sn\/index.php\/wp-json\/wp\/v2\/media?parent=10843"}],"wp:term":[{"taxonomy":"category","embeddable":true,"href":"https:\/\/www.culture.gouv.sn\/index.php\/wp-json\/wp\/v2\/categories?post=10843"},{"taxonomy":"post_tag","embeddable":true,"href":"https:\/\/www.culture.gouv.sn\/index.php\/wp-json\/wp\/v2\/tags?post=10843"}],"curies":[{"name":"wp","href":"https:\/\/api.w.org\/{rel}","templated":true}]}}