{"id":10855,"date":"2020-12-10T18:34:13","date_gmt":"2020-12-10T18:34:13","guid":{"rendered":"http:\/\/www.culture.gouv.sn\/?p=10855"},"modified":"2020-12-10T18:34:13","modified_gmt":"2020-12-10T18:34:13","slug":"nouvelles-nominations-au-sein-des-directions-et-societes-nationales","status":"publish","type":"post","link":"https:\/\/www.culture.gouv.sn\/index.php\/2020\/12\/10\/nouvelles-nominations-au-sein-des-directions-et-societes-nationales\/","title":{"rendered":"Nouvelles nominations au sein des directions et soci\u00e9t\u00e9s nationales"},"content":{"rendered":"<div id=\"pl-10855\"  class=\"panel-layout\" ><div id=\"pg-10855-0\"  class=\"panel-grid panel-no-style\" ><div id=\"pgc-10855-0-0\"  class=\"panel-grid-cell\" ><div id=\"panel-10855-0-0-0\" class=\"so-panel widget widget_text panel-first-child panel-last-child\" data-index=\"0\" ><h3 class=\"widget-title\">Nouvelles nominations au sein des directions et soci\u00e9t\u00e9s nationales<\/h3>\t\t\t<div class=\"textwidget\"><p>A l&rsquo;issue de la r\u00e9union du Conseil des Ministres du mercredi 9 d\u00e9cembre 2020, le Pr\u00e9sident de la R\u00e9publique a proc\u00e9d\u00e9\u00a0\u00e0 une s\u00e9rie de nominations dans les directions et soci\u00e9t\u00e9s sous tutelle du minist\u00e8re. Voici les d\u00e9cisions prises par le Chef de l&rsquo;Etat :<\/p>\n<p>Madame Khoudia Diagne, conseill\u00e8re aux Affaires culturelles, pr\u00e9c\u00e9demment Coordonnatrice de la Cellule des Etudes et de la Planification, est nomm\u00e9e Directeur des Arts au minist\u00e8re de la Culture et de la Communication, en remplacement de Monsieur Abdoulaye Koundoul ;<\/p>\n<p>Monsieur Germain Coly, conseiller culturel, pr\u00e9c\u00e9demment conseiller technique charg\u00e9 de la Coop\u00e9ration, est nomm\u00e9 Directeur de la Cin\u00e9matographie au minist\u00e8re de la Culture et de la Communication, en remplacement de Monsieur Hugues Diaz, appel\u00e9 \u00e0 d&rsquo;autres fonctions ;<\/p>\n<p>Monsieur Abdoulaye Koundoul, Professeur d\u2019Education artistique et musicale, pr\u00e9c\u00e9demment Directeur des Arts, est nomm\u00e9 Directeur g\u00e9n\u00e9ral de la Compagnie du Th\u00e9\u00e2tre national Daniel Sorano, en remplacement de Monsieur Sahite Sarr Samb, admis \u00e0 faire valoir ses droits \u00e0 une pension de retraite ;<\/p>\n<p>Monsieur Ansoumane San\u00e9, titulaire d&rsquo;un master d\u2019\u00e9tudes diplomatiques sup\u00e9rieures, est nomm\u00e9 Directeur g\u00e9n\u00e9ral du Grand Th\u00e9\u00e2tre national Doudou Ndiaye Coumba Rose, en remplacement de Monsieur Keyssi Bousso, appel\u00e9 \u00e0 d&rsquo;autres fonctions ;<\/p>\n<p>Monsieur Abdoulaye Racine Senghor, Professeur certifi\u00e9 de Lettres Modernes, pr\u00e9c\u00e9demment administrateur g\u00e9n\u00e9ral du Monument de la Renaissance africaine, est nomm\u00e9 Pr\u00e9sident du Conseil d&rsquo;Administration du Mus\u00e9e des Civilisations noires ;<\/p>\n<p>Monsieur Keyssi Bousso, artiste promoteur, est nomm\u00e9 Pr\u00e9sident du Conseil d&rsquo;Administration de la Compagnie du Th\u00e9\u00e2tre national Daniel Sorano, en remplacement Monsieur Alioune Badara B\u00e8ye, appel\u00e9 \u00e0 d&rsquo;autres fonctions ;<\/p>\n<p>Monsieur Hugues Diaz, Conseiller aux Affaires culturelles, pr\u00e9c\u00e9demment Directeur de la Cin\u00e9matographie, est nomm\u00e9 Secr\u00e9taire g\u00e9n\u00e9ral du Grand Th\u00e9\u00e2tre national Doudou Ndiaye Coumba Rose, poste vacant.<\/p>\n<\/div>\n\t\t<\/div><\/div><\/div><\/div>","protected":false},"excerpt":{"rendered":"<p>A l&rsquo;issue de la r\u00e9union du Conseil des Ministres du mercredi 9 d\u00e9cembre 2020, le Pr\u00e9sident de la R\u00e9publique a proc\u00e9d\u00e9\u00a0\u00e0 une s\u00e9rie de nominations dans les directions et soci\u00e9t\u00e9s sous tutelle du minist\u00e8re. Voici les d\u00e9cisions prises par le Chef de l&rsquo;Etat : Madame Khoudia Diagne, conseill\u00e8re aux Affaires culturelles, pr\u00e9c\u00e9demment Coordonnatrice de la [&hellip;]<\/p>\n","protected":false},"author":1,"featured_media":10856,"comment_status":"open","ping_status":"open","sticky":false,"template":"","format":"standard","meta":{"ngg_post_thumbnail":0},"categories":[2],"tags":[],"_links":{"self":[{"href":"https:\/\/www.culture.gouv.sn\/index.php\/wp-json\/wp\/v2\/posts\/10855"}],"collection":[{"href":"https:\/\/www.culture.gouv.sn\/index.php\/wp-json\/wp\/v2\/posts"}],"about":[{"href":"https:\/\/www.culture.gouv.sn\/index.php\/wp-json\/wp\/v2\/types\/post"}],"author":[{"embeddable":true,"href":"https:\/\/www.culture.gouv.sn\/index.php\/wp-json\/wp\/v2\/users\/1"}],"replies":[{"embeddable":true,"href":"https:\/\/www.culture.gouv.sn\/index.php\/wp-json\/wp\/v2\/comments?post=10855"}],"version-history":[{"count":1,"href":"https:\/\/www.culture.gouv.sn\/index.php\/wp-json\/wp\/v2\/posts\/10855\/revisions"}],"predecessor-version":[{"id":10857,"href":"https:\/\/www.culture.gouv.sn\/index.php\/wp-json\/wp\/v2\/posts\/10855\/revisions\/10857"}],"wp:featuredmedia":[{"embeddable":true,"href":"https:\/\/www.culture.gouv.sn\/index.php\/wp-json\/wp\/v2\/media\/10856"}],"wp:attachment":[{"href":"https:\/\/www.culture.gouv.sn\/index.php\/wp-json\/wp\/v2\/media?parent=10855"}],"wp:term":[{"taxonomy":"category","embeddable":true,"href":"https:\/\/www.culture.gouv.sn\/index.php\/wp-json\/wp\/v2\/categories?post=10855"},{"taxonomy":"post_tag","embeddable":true,"href":"https:\/\/www.culture.gouv.sn\/index.php\/wp-json\/wp\/v2\/tags?post=10855"}],"curies":[{"name":"wp","href":"https:\/\/api.w.org\/{rel}","templated":true}]}}