{"id":11066,"date":"2021-02-22T17:59:43","date_gmt":"2021-02-22T17:59:43","guid":{"rendered":"http:\/\/www.culture.gouv.sn\/?p=11066"},"modified":"2021-02-22T17:59:43","modified_gmt":"2021-02-22T17:59:43","slug":"deces-du-comedien-demba-ba-hommage-a-un-modele-dengagement-et-de-perseverance","status":"publish","type":"post","link":"https:\/\/www.culture.gouv.sn\/index.php\/2021\/02\/22\/deces-du-comedien-demba-ba-hommage-a-un-modele-dengagement-et-de-perseverance\/","title":{"rendered":"D\u00e9c\u00e8s du com\u00e9dien Demba BA:  Hommage \u00e0 un mod\u00e8le d&rsquo;engagement et de pers\u00e9v\u00e9rance"},"content":{"rendered":"<div id=\"pl-11066\"  class=\"panel-layout\" ><div id=\"pg-11066-0\"  class=\"panel-grid panel-no-style\" ><div id=\"pgc-11066-0-0\"  class=\"panel-grid-cell\" ><div id=\"panel-11066-0-0-0\" class=\"so-panel widget widget_text panel-first-child panel-last-child\" data-index=\"0\" ><h3 class=\"widget-title\">D\u00e9c\u00e8s du com\u00e9dien Demba BA: Hommage \u00e0 un mod\u00e8le d&rsquo;engagement et de pers\u00e9v\u00e9rance<\/h3>\t\t\t<div class=\"textwidget\"><p>C\u2019est avec une profonde douleur et une immense tristesse\u00a0 que j\u2019ai appris le d\u00e9c\u00e8s, survenu \u00e0 Dakar, le mercredi 17 f\u00e9vrier 2021, de notre compatriote Demba B\u00e2.<\/p>\n<p>M\u00eame si nous savions qu\u2019il luttait avec dignit\u00e9 contre la maladie qui vient de\u00a0l\u2019emporter,\u00a0 nous sommes tous encore frapp\u00e9s de stupeur, devant la perte de cet artiste multidimensionnel, rappeur, com\u00e9dien\u00a0 et acteur du cin\u00e9ma.<\/p>\n<p>Pour avoir \u00e9t\u00e9 dot\u00e9 de ce talent, Demba B\u00e2 Alias Kouss, \u00e9tait aussi un mod\u00e8le de d\u00e9termination, de pers\u00e9v\u00e9rance et d\u2019engagement qu\u2019il a traduit\u00a0 merveilleusement \u00e0 travers la r\u00e9ponse servie \u00e0 un journaliste sur l\u2019origine de ses moyens de subsistance \u00ab\u00a0Je suis Demba B\u00e2 artiste com\u00e9dien et rappeur, je fais du tout sauf mendier ou voler\u00a0\u00bb.<\/p>\n<p>Sa vie artistique\u00a0 a \u00e9t\u00e9\u00a0\u00a0une Ecole pour m\u00e9diter sur nos tares et turpitudes afin d\u2019ancrer en nous la volont\u00e9 de cultiver les valeurs les plus hautes de tol\u00e9rance et de respect de l\u2019autre dans sa diff\u00e9rence.<\/p>\n<p>Que Le Saint Paradis soit sa derni\u00e8re demeure.<\/p>\n<p>A sa famille biologique, son \u00e9pouse et ses enfants, tout en partageant la douleur de la s\u00e9paration avec celui qui fut pour elle un v\u00e9ritable rempart, nous r\u00e9it\u00e9rons, au nom de Monsieur le Pr\u00e9sident de la R\u00e9publique, nos condol\u00e9ances les plus \u00e9mues et l\u2019assurons\u00a0 de notre soutien.<\/p>\n<p>Que le Tout-Puissant lui accorde un repos \u00e9ternel et bien m\u00e9rit\u00e9 dans son royaume c\u00e9leste.<\/p>\n<p>&nbsp;<\/p>\n<p><strong>A<\/strong><strong>bdoulaye\u00a0Diop<\/strong><\/p>\n<p><strong>Ministre de la Culture<\/strong> <strong>et de la Communication<\/strong><\/p>\n<\/div>\n\t\t<\/div><\/div><\/div><\/div>","protected":false},"excerpt":{"rendered":"<p>C\u2019est avec une profonde douleur et une immense tristesse\u00a0 que j\u2019ai appris le d\u00e9c\u00e8s, survenu \u00e0 Dakar, le mercredi 17 f\u00e9vrier 2021, de notre compatriote Demba B\u00e2. M\u00eame si nous savions qu\u2019il luttait avec dignit\u00e9 contre la maladie qui vient de\u00a0l\u2019emporter,\u00a0 nous sommes tous encore frapp\u00e9s de stupeur, devant la perte de cet artiste multidimensionnel, [&hellip;]<\/p>\n","protected":false},"author":1,"featured_media":11067,"comment_status":"open","ping_status":"open","sticky":false,"template":"","format":"standard","meta":{"ngg_post_thumbnail":0},"categories":[2],"tags":[],"_links":{"self":[{"href":"https:\/\/www.culture.gouv.sn\/index.php\/wp-json\/wp\/v2\/posts\/11066"}],"collection":[{"href":"https:\/\/www.culture.gouv.sn\/index.php\/wp-json\/wp\/v2\/posts"}],"about":[{"href":"https:\/\/www.culture.gouv.sn\/index.php\/wp-json\/wp\/v2\/types\/post"}],"author":[{"embeddable":true,"href":"https:\/\/www.culture.gouv.sn\/index.php\/wp-json\/wp\/v2\/users\/1"}],"replies":[{"embeddable":true,"href":"https:\/\/www.culture.gouv.sn\/index.php\/wp-json\/wp\/v2\/comments?post=11066"}],"version-history":[{"count":1,"href":"https:\/\/www.culture.gouv.sn\/index.php\/wp-json\/wp\/v2\/posts\/11066\/revisions"}],"predecessor-version":[{"id":11068,"href":"https:\/\/www.culture.gouv.sn\/index.php\/wp-json\/wp\/v2\/posts\/11066\/revisions\/11068"}],"wp:featuredmedia":[{"embeddable":true,"href":"https:\/\/www.culture.gouv.sn\/index.php\/wp-json\/wp\/v2\/media\/11067"}],"wp:attachment":[{"href":"https:\/\/www.culture.gouv.sn\/index.php\/wp-json\/wp\/v2\/media?parent=11066"}],"wp:term":[{"taxonomy":"category","embeddable":true,"href":"https:\/\/www.culture.gouv.sn\/index.php\/wp-json\/wp\/v2\/categories?post=11066"},{"taxonomy":"post_tag","embeddable":true,"href":"https:\/\/www.culture.gouv.sn\/index.php\/wp-json\/wp\/v2\/tags?post=11066"}],"curies":[{"name":"wp","href":"https:\/\/api.w.org\/{rel}","templated":true}]}}