{"id":11201,"date":"2021-04-08T09:49:05","date_gmt":"2021-04-08T09:49:05","guid":{"rendered":"http:\/\/www.culture.gouv.sn\/?p=11201"},"modified":"2021-04-08T09:49:05","modified_gmt":"2021-04-08T09:49:05","slug":"loi-sur-le-statut-de-lartiste-les-artistes-simpregnent-sur-les-regimes-de-protection-sociale","status":"publish","type":"post","link":"https:\/\/www.culture.gouv.sn\/index.php\/2021\/04\/08\/loi-sur-le-statut-de-lartiste-les-artistes-simpregnent-sur-les-regimes-de-protection-sociale\/","title":{"rendered":"Loi sur le statut de l&rsquo;artiste: Les artistes s\u2019impr\u00e8gnent sur les r\u00e9gimes de protection sociale"},"content":{"rendered":"<div id=\"pl-11201\"  class=\"panel-layout\" ><div id=\"pg-11201-0\"  class=\"panel-grid panel-no-style\" ><div id=\"pgc-11201-0-0\"  class=\"panel-grid-cell\" ><div id=\"panel-11201-0-0-0\" class=\"so-panel widget widget_text panel-first-child panel-last-child\" data-index=\"0\" ><h3 class=\"widget-title\">Loi sur le statut de l&rsquo;artiste: Les artistes s\u2019impr\u00e8gnent sur les r\u00e9gimes de protection sociale<\/h3>\t\t\t<div class=\"textwidget\"><p>Un atelier de r\u00e9flexion avec les acteurs culturels autour de la question des r\u00e9gimes de protection sociale existant au S\u00e9n\u00e9gal tels que l\u2019Institut de pr\u00e9voyance retraite (Ipres) et la Caisse de s\u00e9curit\u00e9 sociale (CSS) a \u00e9t\u00e9 ouvert mercredi par le directeur de cabinet du minist\u00e8re de la Culture et de la Communication, Demba Faye. Cette rencontre a port\u00e9 sur des \u00ab objectifs strat\u00e9giques \u00bb et \u00ab plans d\u2019actions \u00bb pour la mise en \u0153uvre de la cr\u00e9ation d\u2019un r\u00e9gime de protection et de s\u00e9curit\u00e9 sociale des artistes annonc\u00e9e par la loi sur le statut de l\u2019artiste vot\u00e9 le 30 d\u00e9cembre 2020. \u00ab Les contributions et r\u00e9flexions permettront d\u2019\u00e9clairer par anticipation la mise en \u0153uvre de cette loi, une fois promulgu\u00e9e \u00bb, a dit Demba Faye. Selon lui, elles constituent autant d\u2019atouts, qui permettront au minist\u00e8re de la Culture et de la Communication \u00ab de baliser la voie pour la promotion et la valorisation de l\u2019\u00e9conomie culturelle et cr\u00e9ative\u00bb.<\/p>\n<p>Quatre arr\u00eat\u00e9s et un d\u00e9cret doivent \u00eatre pris d\u2019ici six mois pour l\u2019\u00e9laboration des d\u00e9crets d\u2019application de la loi sur le statut de l\u2019artiste et les professionnels de la culture.<\/p>\n<\/div>\n\t\t<\/div><\/div><\/div><\/div>","protected":false},"excerpt":{"rendered":"<p>Un atelier de r\u00e9flexion avec les acteurs culturels autour de la question des r\u00e9gimes de protection sociale existant au S\u00e9n\u00e9gal tels que l\u2019Institut de pr\u00e9voyance retraite (Ipres) et la Caisse de s\u00e9curit\u00e9 sociale (CSS) a \u00e9t\u00e9 ouvert mercredi par le directeur de cabinet du minist\u00e8re de la Culture et de la Communication, Demba Faye. Cette [&hellip;]<\/p>\n","protected":false},"author":1,"featured_media":11202,"comment_status":"open","ping_status":"open","sticky":false,"template":"","format":"standard","meta":{"ngg_post_thumbnail":0},"categories":[2],"tags":[],"_links":{"self":[{"href":"https:\/\/www.culture.gouv.sn\/index.php\/wp-json\/wp\/v2\/posts\/11201"}],"collection":[{"href":"https:\/\/www.culture.gouv.sn\/index.php\/wp-json\/wp\/v2\/posts"}],"about":[{"href":"https:\/\/www.culture.gouv.sn\/index.php\/wp-json\/wp\/v2\/types\/post"}],"author":[{"embeddable":true,"href":"https:\/\/www.culture.gouv.sn\/index.php\/wp-json\/wp\/v2\/users\/1"}],"replies":[{"embeddable":true,"href":"https:\/\/www.culture.gouv.sn\/index.php\/wp-json\/wp\/v2\/comments?post=11201"}],"version-history":[{"count":1,"href":"https:\/\/www.culture.gouv.sn\/index.php\/wp-json\/wp\/v2\/posts\/11201\/revisions"}],"predecessor-version":[{"id":11203,"href":"https:\/\/www.culture.gouv.sn\/index.php\/wp-json\/wp\/v2\/posts\/11201\/revisions\/11203"}],"wp:featuredmedia":[{"embeddable":true,"href":"https:\/\/www.culture.gouv.sn\/index.php\/wp-json\/wp\/v2\/media\/11202"}],"wp:attachment":[{"href":"https:\/\/www.culture.gouv.sn\/index.php\/wp-json\/wp\/v2\/media?parent=11201"}],"wp:term":[{"taxonomy":"category","embeddable":true,"href":"https:\/\/www.culture.gouv.sn\/index.php\/wp-json\/wp\/v2\/categories?post=11201"},{"taxonomy":"post_tag","embeddable":true,"href":"https:\/\/www.culture.gouv.sn\/index.php\/wp-json\/wp\/v2\/tags?post=11201"}],"curies":[{"name":"wp","href":"https:\/\/api.w.org\/{rel}","templated":true}]}}