{"id":11206,"date":"2021-04-08T22:52:32","date_gmt":"2021-04-08T22:52:32","guid":{"rendered":"http:\/\/www.culture.gouv.sn\/?p=11206"},"modified":"2021-04-08T22:53:42","modified_gmt":"2021-04-08T22:53:42","slug":"lancement-du-film-awa-de-moussa-sene-absa-le-fopica-appuie-pour-65-millions-f-cfa","status":"publish","type":"post","link":"https:\/\/www.culture.gouv.sn\/index.php\/2021\/04\/08\/lancement-du-film-awa-de-moussa-sene-absa-le-fopica-appuie-pour-65-millions-f-cfa\/","title":{"rendered":"Lancement du film \u00ab\u00a0Awa\u00a0\u00bb de Moussa S\u00e8ne Absa : le Fopica appuie pour 65 millions F CFA"},"content":{"rendered":"<div id=\"pl-11206\"  class=\"panel-layout\" ><div id=\"pg-11206-0\"  class=\"panel-grid panel-no-style\" ><div id=\"pgc-11206-0-0\"  class=\"panel-grid-cell\" ><div id=\"panel-11206-0-0-0\" class=\"so-panel widget widget_text panel-first-child panel-last-child\" data-index=\"0\" ><h3 class=\"widget-title\">Lancement du film \u00ab\u00a0Awa\u00a0\u00bb de Moussa S\u00e8ne Absa : le Fopica appuie pour 65 millions F CFA<\/h3>\t\t\t<div class=\"textwidget\"><p>Monsieur le ministre de la Culture et de la Communication, Abdoulaye DIOP a effectu\u00e9 le jeudi 25 mars 2021, une visite dans les locaux du complexe cin\u00e9matographique Sembene Ousmane, sise au Magic Land sur la Corniche Ouest de Dakar.<\/p>\n<p>Le ministre est all\u00e9 \u00e0 la rencontre des professionnels et promoteurs du 7\u00e8me art pour une s\u00e9ance d\u2019\u00e9change et de partage \u00e0 la suite de la lev\u00e9e des mesures de restriction impos\u00e9es aux salles de cin\u00e9ma et de spectacles dans le cadre de la lutte contre le Covid-19.<\/p>\n<p>Au pas de charge, le ministre et sa d\u00e9l\u00e9gation ont visit\u00e9 les trois salles de cin\u00e9ma d\u2019une capacit\u00e9 de 500 places du complexe. Abdoulaye DIOP a magnifi\u00e9 l\u2019investissement colossal consenti par le promoteur et promis l\u2019accompagnement de son d\u00e9partement pour l\u2019ouverture de salles partout \u00e0 travers le pays.<\/p>\n<p>Sur place, Monsieur DIOP a pu constater les dispositions mises en place par les exploitants de salles pour le respect strict des mesures barri\u00e8res \u00e9dict\u00e9es par les autorit\u00e9s sanitaires.<\/p>\n<p>Apr\u00e8s le complexe SEMBENE, Monsieur Abdoulaye Diop s\u2019est rendu \u00e0 Yarakh pour donner le clap de d\u00e9part du tournage du film \u00ab Awa \u00bb, un long m\u00e9trage fiction\u00a0 de Moussa S\u00e8ne Absa.<\/p>\n<p>Le film a re\u00e7u un important appui de l\u2019Etat du S\u00e9n\u00e9gal d&rsquo;un montant de soixante-cinq millions (65 000 000) F CFA gr\u00e2ce au Fonds de Promotion de l\u2019Industrie Cin\u00e9matographique et Audiovisuelle (FOPICA).<\/p>\n<p>Le ministre a adress\u00e9 ses vifs encouragements au producteur, au r\u00e9alisateur et \u00e0 l\u2019ensemble de son \u00e9quipe et rappel\u00e9 les nombreux efforts mis en \u0153uvre par le Pr\u00e9sident de la R\u00e9publique pour d\u00e9velopper et soutenir le sous-secteur du cin\u00e9ma<\/p>\n<p>&nbsp;<\/p>\n<p><img loading=\"lazy\" class=\"alignnone size-medium wp-image-11207\" src=\"http:\/\/www.culture.gouv.sn\/wp-content\/uploads\/2021\/04\/IMG-20210408-WA0014-300x225.jpg\" alt=\"\" width=\"300\" height=\"225\" srcset=\"https:\/\/www.culture.gouv.sn\/wp-content\/uploads\/2021\/04\/IMG-20210408-WA0014-300x225.jpg 300w, https:\/\/www.culture.gouv.sn\/wp-content\/uploads\/2021\/04\/IMG-20210408-WA0014-600x450.jpg 600w, https:\/\/www.culture.gouv.sn\/wp-content\/uploads\/2021\/04\/IMG-20210408-WA0014-768x576.jpg 768w, https:\/\/www.culture.gouv.sn\/wp-content\/uploads\/2021\/04\/IMG-20210408-WA0014-24x18.jpg 24w, https:\/\/www.culture.gouv.sn\/wp-content\/uploads\/2021\/04\/IMG-20210408-WA0014-36x27.jpg 36w, https:\/\/www.culture.gouv.sn\/wp-content\/uploads\/2021\/04\/IMG-20210408-WA0014-48x36.jpg 48w, https:\/\/www.culture.gouv.sn\/wp-content\/uploads\/2021\/04\/IMG-20210408-WA0014.jpg 1000w\" sizes=\"(max-width: 300px) 100vw, 300px\" \/> <img loading=\"lazy\" class=\"alignnone size-medium wp-image-11209\" src=\"http:\/\/www.culture.gouv.sn\/wp-content\/uploads\/2021\/04\/IMG-20210327-WA0000-300x225.jpg\" alt=\"\" width=\"300\" height=\"225\" srcset=\"https:\/\/www.culture.gouv.sn\/wp-content\/uploads\/2021\/04\/IMG-20210327-WA0000-300x225.jpg 300w, https:\/\/www.culture.gouv.sn\/wp-content\/uploads\/2021\/04\/IMG-20210327-WA0000-600x450.jpg 600w, https:\/\/www.culture.gouv.sn\/wp-content\/uploads\/2021\/04\/IMG-20210327-WA0000-1024x768.jpg 1024w, https:\/\/www.culture.gouv.sn\/wp-content\/uploads\/2021\/04\/IMG-20210327-WA0000-768x576.jpg 768w, https:\/\/www.culture.gouv.sn\/wp-content\/uploads\/2021\/04\/IMG-20210327-WA0000-24x18.jpg 24w, https:\/\/www.culture.gouv.sn\/wp-content\/uploads\/2021\/04\/IMG-20210327-WA0000-36x27.jpg 36w, https:\/\/www.culture.gouv.sn\/wp-content\/uploads\/2021\/04\/IMG-20210327-WA0000-48x36.jpg 48w, https:\/\/www.culture.gouv.sn\/wp-content\/uploads\/2021\/04\/IMG-20210327-WA0000-1000x750.jpg 1000w, https:\/\/www.culture.gouv.sn\/wp-content\/uploads\/2021\/04\/IMG-20210327-WA0000.jpg 1080w\" sizes=\"(max-width: 300px) 100vw, 300px\" \/><\/p>\n<\/div>\n\t\t<\/div><\/div><\/div><\/div>","protected":false},"excerpt":{"rendered":"<p>Monsieur le ministre de la Culture et de la Communication, Abdoulaye DIOP a effectu\u00e9 le jeudi 25 mars 2021, une visite dans les locaux du complexe cin\u00e9matographique Sembene Ousmane, sise au Magic Land sur la Corniche Ouest de Dakar. Le ministre est all\u00e9 \u00e0 la rencontre des professionnels et promoteurs du 7\u00e8me art pour une [&hellip;]<\/p>\n","protected":false},"author":1,"featured_media":11208,"comment_status":"open","ping_status":"open","sticky":false,"template":"","format":"standard","meta":{"ngg_post_thumbnail":0},"categories":[2],"tags":[],"_links":{"self":[{"href":"https:\/\/www.culture.gouv.sn\/index.php\/wp-json\/wp\/v2\/posts\/11206"}],"collection":[{"href":"https:\/\/www.culture.gouv.sn\/index.php\/wp-json\/wp\/v2\/posts"}],"about":[{"href":"https:\/\/www.culture.gouv.sn\/index.php\/wp-json\/wp\/v2\/types\/post"}],"author":[{"embeddable":true,"href":"https:\/\/www.culture.gouv.sn\/index.php\/wp-json\/wp\/v2\/users\/1"}],"replies":[{"embeddable":true,"href":"https:\/\/www.culture.gouv.sn\/index.php\/wp-json\/wp\/v2\/comments?post=11206"}],"version-history":[{"count":1,"href":"https:\/\/www.culture.gouv.sn\/index.php\/wp-json\/wp\/v2\/posts\/11206\/revisions"}],"predecessor-version":[{"id":11211,"href":"https:\/\/www.culture.gouv.sn\/index.php\/wp-json\/wp\/v2\/posts\/11206\/revisions\/11211"}],"wp:featuredmedia":[{"embeddable":true,"href":"https:\/\/www.culture.gouv.sn\/index.php\/wp-json\/wp\/v2\/media\/11208"}],"wp:attachment":[{"href":"https:\/\/www.culture.gouv.sn\/index.php\/wp-json\/wp\/v2\/media?parent=11206"}],"wp:term":[{"taxonomy":"category","embeddable":true,"href":"https:\/\/www.culture.gouv.sn\/index.php\/wp-json\/wp\/v2\/categories?post=11206"},{"taxonomy":"post_tag","embeddable":true,"href":"https:\/\/www.culture.gouv.sn\/index.php\/wp-json\/wp\/v2\/tags?post=11206"}],"curies":[{"name":"wp","href":"https:\/\/api.w.org\/{rel}","templated":true}]}}