{"id":11426,"date":"2021-07-13T15:28:13","date_gmt":"2021-07-13T15:28:13","guid":{"rendered":"http:\/\/www.culture.gouv.sn\/?p=11426"},"modified":"2021-07-19T12:02:05","modified_gmt":"2021-07-19T12:02:05","slug":"clap-ivoire-2021-02-films-senegalais-a-laffiche","status":"publish","type":"post","link":"https:\/\/www.culture.gouv.sn\/index.php\/2021\/07\/13\/clap-ivoire-2021-02-films-senegalais-a-laffiche\/","title":{"rendered":"Clap Ivoire 2021 : 02 films s\u00e9n\u00e9galais \u00e0 l\u2019affiche"},"content":{"rendered":"<div id=\"pl-11426\"  class=\"panel-layout\" ><div id=\"pg-11426-0\"  class=\"panel-grid panel-no-style\" ><div id=\"pgc-11426-0-0\"  class=\"panel-grid-cell\" ><div id=\"panel-11426-0-0-0\" class=\"so-panel widget widget_text panel-first-child panel-last-child\" data-index=\"0\" ><h3 class=\"widget-title\">Clap Ivoire 2021 : 02 films s\u00e9n\u00e9galais \u00e0 l\u2019affiche<\/h3>\t\t\t<div class=\"textwidget\"><p><strong><em>Tang J\u00ebr<\/em><\/strong>\u00a0et\u00a0<strong><em>Le temps de dire Non<\/em><\/strong>\u00a0sont<strong>\u00a0<\/strong>les films s\u00e9lectionn\u00e9s pour repr\u00e9senter le S\u00e9n\u00e9gal \u00e0 la 21<sup>\u00e8me<\/sup>\u00a0\u00e9dition du concours Clap Ivoire, pr\u00e9vue du 06 au 10 septembre 2021 \u00e0 Abidjan en C\u00f4te d\u2019Ivoire.<\/p>\n<p>Le jury national du S\u00e9n\u00e9gal a pris cette d\u00e9cision lors d\u2019une s\u00e9ance tenue le jeudi 8 juillet 2021 dans les locaux du FOPICA.<\/p>\n<p><strong><em>Tang J\u00ebr<\/em><\/strong><em>,\u00a0<\/em>une fiction de Selly Raby Kane,\u00a0 a \u00e9t\u00e9 retenue par le jury pour son originalit\u00e9, les qualit\u00e9s esth\u00e9tiques et techniques de la d\u00e9marche de r\u00e9alisation et surtout, de direction\u00a0 d\u2019acteurs.<\/p>\n<p>Le film raconte l\u2019histoire d\u2019Onfaaya, un tenancier de tangana (restaurant populaire) atypique qui observe le ballet incessant des \u00eatres presque surr\u00e9els qui peuplent la ville de Dakar.<\/p>\n<p><strong><em>Le temps de dire Non<\/em><\/strong><em>,\u00a0<\/em>un documentaire de El Hadji Demba DIA a retenu l\u2019attention des membres du jury pour la rigueur de sa d\u00e9marche artistique et surtout la po\u00e9tique de l\u2019espace qui conf\u00e8re une haute qualit\u00e9 esth\u00e9tique au film.<\/p>\n<p>Dans ce film documentaire, le r\u00e9alisateur met en sc\u00e8ne la ville de Bargny avec ses nombreux probl\u00e8mes relatifs \u00e0 la pollution et les menaces li\u00e9es \u00e0 l\u2019avanc\u00e9e de la mer au niveau de cette zone de p\u00eache.<\/p>\n<\/div>\n\t\t<\/div><\/div><\/div><\/div>","protected":false},"excerpt":{"rendered":"<p>Tang J\u00ebr\u00a0et\u00a0Le temps de dire Non\u00a0sont\u00a0les films s\u00e9lectionn\u00e9s pour repr\u00e9senter le S\u00e9n\u00e9gal \u00e0 la 21\u00e8me\u00a0\u00e9dition du concours Clap Ivoire, pr\u00e9vue du 06 au 10 septembre 2021 \u00e0 Abidjan en C\u00f4te d\u2019Ivoire. Le jury national du S\u00e9n\u00e9gal a pris cette d\u00e9cision lors d\u2019une s\u00e9ance tenue le jeudi 8 juillet 2021 dans les locaux du FOPICA. Tang [&hellip;]<\/p>\n","protected":false},"author":1,"featured_media":10430,"comment_status":"open","ping_status":"open","sticky":false,"template":"","format":"standard","meta":{"ngg_post_thumbnail":0},"categories":[2,87],"tags":[],"_links":{"self":[{"href":"https:\/\/www.culture.gouv.sn\/index.php\/wp-json\/wp\/v2\/posts\/11426"}],"collection":[{"href":"https:\/\/www.culture.gouv.sn\/index.php\/wp-json\/wp\/v2\/posts"}],"about":[{"href":"https:\/\/www.culture.gouv.sn\/index.php\/wp-json\/wp\/v2\/types\/post"}],"author":[{"embeddable":true,"href":"https:\/\/www.culture.gouv.sn\/index.php\/wp-json\/wp\/v2\/users\/1"}],"replies":[{"embeddable":true,"href":"https:\/\/www.culture.gouv.sn\/index.php\/wp-json\/wp\/v2\/comments?post=11426"}],"version-history":[{"count":2,"href":"https:\/\/www.culture.gouv.sn\/index.php\/wp-json\/wp\/v2\/posts\/11426\/revisions"}],"predecessor-version":[{"id":11445,"href":"https:\/\/www.culture.gouv.sn\/index.php\/wp-json\/wp\/v2\/posts\/11426\/revisions\/11445"}],"wp:featuredmedia":[{"embeddable":true,"href":"https:\/\/www.culture.gouv.sn\/index.php\/wp-json\/wp\/v2\/media\/10430"}],"wp:attachment":[{"href":"https:\/\/www.culture.gouv.sn\/index.php\/wp-json\/wp\/v2\/media?parent=11426"}],"wp:term":[{"taxonomy":"category","embeddable":true,"href":"https:\/\/www.culture.gouv.sn\/index.php\/wp-json\/wp\/v2\/categories?post=11426"},{"taxonomy":"post_tag","embeddable":true,"href":"https:\/\/www.culture.gouv.sn\/index.php\/wp-json\/wp\/v2\/tags?post=11426"}],"curies":[{"name":"wp","href":"https:\/\/api.w.org\/{rel}","templated":true}]}}