{"id":11581,"date":"2021-10-28T22:21:36","date_gmt":"2021-10-28T22:21:36","guid":{"rendered":"http:\/\/www.culture.gouv.sn\/?p=11581"},"modified":"2021-10-28T22:21:36","modified_gmt":"2021-10-28T22:21:36","slug":"fespaco-2021-le-pr-felicite-le-ministre-et-tous-les-acteurs-du-cinema","status":"publish","type":"post","link":"https:\/\/www.culture.gouv.sn\/index.php\/2021\/10\/28\/fespaco-2021-le-pr-felicite-le-ministre-et-tous-les-acteurs-du-cinema\/","title":{"rendered":"Fespaco 2021 : le PR f\u00e9licite le ministre et tous les acteurs du Cin\u00e9ma"},"content":{"rendered":"<div id=\"pl-11581\"  class=\"panel-layout\" ><div id=\"pg-11581-0\"  class=\"panel-grid panel-no-style\" ><div id=\"pgc-11581-0-0\"  class=\"panel-grid-cell\" ><div id=\"panel-11581-0-0-0\" class=\"so-panel widget widget_text panel-first-child panel-last-child\" data-index=\"0\" ><h3 class=\"widget-title\">Fespaco 2021 : le PR f\u00e9licite le ministre et tous les acteurs du Cin\u00e9ma<\/h3>\t\t\t<div class=\"textwidget\"><p><strong>Extrait du Communiqu\u00e9 deu Conseil des ministres du 27 octobre 2021\u00a0<\/strong><\/p>\n<p>&nbsp;<\/p>\n<div dir=\"auto\">\u00ab\u00a0Apr\u00e8s avoir salu\u00e9 le succ\u00e8s de la 27\u00e8me \u00e9dition du FESPACO, le Chef de l\u2019Etat a adress\u00e9 ses chaleureuses f\u00e9licitations et remerciements au Pr\u00e9sident du Burkina Faso, Son Excellence Roch Marc Christian KABORE, et \u00e0 l\u2019ensemble des organisateurs du Festival Panafricain de Cin\u00e9ma et de T\u00e9l\u00e9vision de Ouagadougou, dont le S\u00e9n\u00e9gal \u00e9tait le pays invit\u00e9 d\u2019honneur.<\/div>\n<div dir=\"auto\"><\/div>\n<div dir=\"auto\">Il a \u00e9galement f\u00e9licit\u00e9 le ministre de la Culture et de la Communication et les laur\u00e9ats, \u00ab qui ont relev\u00e9 le d\u00e9fi de la participation honorable du S\u00e9n\u00e9gal, dans tous les segments du Festival \u00bb.<\/div>\n<div dir=\"auto\"><\/div>\n<div dir=\"auto\">Le Chef de l\u2019Etat salue les \u00ab avanc\u00e9es significatives r\u00e9alis\u00e9es par le 7\u00e8me Art s\u00e9n\u00e9galais depuis quelques ann\u00e9es et demande, au ministre en charge de la Culture, de poursuivre cette dynamique afin d\u2019asseoir avec les acteurs culturels, la mise en place d\u2019une v\u00e9ritable industrie cin\u00e9matographique au S\u00e9n\u00e9gal, en exploitant au mieux nos langues nationales, nos valeurs et potentialit\u00e9s culturelles, touristiques, historiques et artistiques \u00bb.<\/div>\n<div dir=\"auto\"><\/div>\n<div dir=\"auto\">Le Pr\u00e9sident de la R\u00e9publique demande, d\u00e8s lors, \u00ab au ministre en charge de la Culture, de proc\u00e9der \u00e0 une \u00e9valuation prospective de la politique du cin\u00e9ma s\u00e9n\u00e9galais dans l\u2019ensemble de ses volets (formation, production, financement, distribution, etc.), avec une attention particuli\u00e8re \u00e0 la pr\u00e9servation des droits d\u2019auteurs et \u00e0 une r\u00e9mun\u00e9ration juste et \u00e9quitable de nos acteurs, com\u00e9diens, techniciens, producteurs et r\u00e9alisateurs \u00bb.<\/div>\n<div dir=\"auto\"><\/div>\n<div dir=\"auto\">Cr\u00e9ation d\u2019un Centre national de Cin\u00e9matographie.<\/div>\n<div dir=\"auto\"><\/div>\n<div dir=\"auto\">A cet \u00e9gard, le Chef de l\u2019Etat invite, le Ministre des Finances et du Budget, \u00e0 renforcer en continu les ressources budg\u00e9taires exceptionnelles (2 milliards de francs CFA en 2022 contre 1 milliard en 2021) allou\u00e9es au FOPICA (Fonds de Promotion de l\u2019Industrie Cin\u00e9matographique et Audiovisuelle), mais \u00e9galement travailler avec le ministre de la Culture et de la Communication et le ministre en charge de la Coop\u00e9ration, \u00e0 la cr\u00e9ation prochaine, d\u2019un Centre national de Cin\u00e9matographie\u00a0\u00bb.<\/div>\n<\/div>\n\t\t<\/div><\/div><\/div><\/div>","protected":false},"excerpt":{"rendered":"<p>Extrait du Communiqu\u00e9 deu Conseil des ministres du 27 octobre 2021\u00a0 &nbsp; \u00ab\u00a0Apr\u00e8s avoir salu\u00e9 le succ\u00e8s de la 27\u00e8me \u00e9dition du FESPACO, le Chef de l\u2019Etat a adress\u00e9 ses chaleureuses f\u00e9licitations et remerciements au Pr\u00e9sident du Burkina Faso, Son Excellence Roch Marc Christian KABORE, et \u00e0 l\u2019ensemble des organisateurs du Festival Panafricain de Cin\u00e9ma [&hellip;]<\/p>\n","protected":false},"author":1,"featured_media":10995,"comment_status":"open","ping_status":"open","sticky":false,"template":"","format":"standard","meta":{"ngg_post_thumbnail":0},"categories":[2],"tags":[],"_links":{"self":[{"href":"https:\/\/www.culture.gouv.sn\/index.php\/wp-json\/wp\/v2\/posts\/11581"}],"collection":[{"href":"https:\/\/www.culture.gouv.sn\/index.php\/wp-json\/wp\/v2\/posts"}],"about":[{"href":"https:\/\/www.culture.gouv.sn\/index.php\/wp-json\/wp\/v2\/types\/post"}],"author":[{"embeddable":true,"href":"https:\/\/www.culture.gouv.sn\/index.php\/wp-json\/wp\/v2\/users\/1"}],"replies":[{"embeddable":true,"href":"https:\/\/www.culture.gouv.sn\/index.php\/wp-json\/wp\/v2\/comments?post=11581"}],"version-history":[{"count":1,"href":"https:\/\/www.culture.gouv.sn\/index.php\/wp-json\/wp\/v2\/posts\/11581\/revisions"}],"predecessor-version":[{"id":11582,"href":"https:\/\/www.culture.gouv.sn\/index.php\/wp-json\/wp\/v2\/posts\/11581\/revisions\/11582"}],"wp:featuredmedia":[{"embeddable":true,"href":"https:\/\/www.culture.gouv.sn\/index.php\/wp-json\/wp\/v2\/media\/10995"}],"wp:attachment":[{"href":"https:\/\/www.culture.gouv.sn\/index.php\/wp-json\/wp\/v2\/media?parent=11581"}],"wp:term":[{"taxonomy":"category","embeddable":true,"href":"https:\/\/www.culture.gouv.sn\/index.php\/wp-json\/wp\/v2\/categories?post=11581"},{"taxonomy":"post_tag","embeddable":true,"href":"https:\/\/www.culture.gouv.sn\/index.php\/wp-json\/wp\/v2\/tags?post=11581"}],"curies":[{"name":"wp","href":"https:\/\/api.w.org\/{rel}","templated":true}]}}