{"id":11583,"date":"2021-11-02T21:11:29","date_gmt":"2021-11-02T21:11:29","guid":{"rendered":"http:\/\/www.culture.gouv.sn\/?p=11583"},"modified":"2021-11-02T21:11:29","modified_gmt":"2021-11-02T21:11:29","slug":"deces-de-maguette-keita-hommage-a-lartiste-de-saint-louis","status":"publish","type":"post","link":"https:\/\/www.culture.gouv.sn\/index.php\/2021\/11\/02\/deces-de-maguette-keita-hommage-a-lartiste-de-saint-louis\/","title":{"rendered":"D\u00e9c\u00e8s de Maguette Ke\u00efta: Hommage \u00e0 l&rsquo;Artiste de Saint-Louis"},"content":{"rendered":"<div id=\"pl-11583\"  class=\"panel-layout\" ><div id=\"pg-11583-0\"  class=\"panel-grid panel-no-style\" ><div id=\"pgc-11583-0-0\"  class=\"panel-grid-cell\" ><div id=\"panel-11583-0-0-0\" class=\"so-panel widget widget_text panel-first-child panel-last-child\" data-index=\"0\" ><h3 class=\"widget-title\">D\u00e9c\u00e8s de Maguette Ke\u00efta: Hommage \u00e0 l&rsquo;Artiste de Saint-Louis<\/h3>\t\t\t<div class=\"textwidget\"><p>J\u2019ai appris avec regret et \u00e9moi le d\u00e9c\u00e8s du Doyen Monsieur Maguette KEITA dit LE BLANC, Artiste visuel et cin\u00e9aste, ce samedi 30 octobre 2021 \u00e0 Saint- Louis. En cette circonstance douloureuse, je pr\u00e9sente mes condol\u00e9ances attrist\u00e9es \u00e0 sa famille biologique, \u00e0 ses amis et compagnons de toujours, aux artistes endeuill\u00e9s. KEITA LE BLANC a nourri sa passion pour l\u2019art depuis sa tendre enfance. Avec une rare dext\u00e9rit\u00e9, il aimait dessiner et reproduire tout ce qui lui tombait entre les mains. Disponible, ouvert, courtois, il \u00e9prouvait \u00e9galement toujours du plaisir \u00e0 \u00e9changer avec les autres. KEITA LE BLANC avait fait de la transmission un sacerdoce.<\/p>\n<p>Au nom du Chef de l\u2019Etat, Protecteur des Arts et Lettres et en mon nom propre, je voudrais rendre un vibrant hommage \u00e0 une ic\u00f4ne, une figure de proue de la sc\u00e8ne artistique saint-louisienne qui nous a marqu\u00e9 par son talent, sa g\u00e9n\u00e9rosit\u00e9 et son engagement exceptionnel.<br \/>\nQue Dieu le tout puissant l\u2019accueille dans son Paradis c\u00e9leste.<\/p>\n<p>Abdoulaye DIOP<br \/>\nMinistre de la Culture et de la Communication<\/p>\n<\/div>\n\t\t<\/div><\/div><\/div><\/div>","protected":false},"excerpt":{"rendered":"<p>J\u2019ai appris avec regret et \u00e9moi le d\u00e9c\u00e8s du Doyen Monsieur Maguette KEITA dit LE BLANC, Artiste visuel et cin\u00e9aste, ce samedi 30 octobre 2021 \u00e0 Saint- Louis. En cette circonstance douloureuse, je pr\u00e9sente mes condol\u00e9ances attrist\u00e9es \u00e0 sa famille biologique, \u00e0 ses amis et compagnons de toujours, aux artistes endeuill\u00e9s. KEITA LE BLANC a [&hellip;]<\/p>\n","protected":false},"author":1,"featured_media":11584,"comment_status":"open","ping_status":"open","sticky":false,"template":"","format":"standard","meta":{"ngg_post_thumbnail":0},"categories":[2],"tags":[],"_links":{"self":[{"href":"https:\/\/www.culture.gouv.sn\/index.php\/wp-json\/wp\/v2\/posts\/11583"}],"collection":[{"href":"https:\/\/www.culture.gouv.sn\/index.php\/wp-json\/wp\/v2\/posts"}],"about":[{"href":"https:\/\/www.culture.gouv.sn\/index.php\/wp-json\/wp\/v2\/types\/post"}],"author":[{"embeddable":true,"href":"https:\/\/www.culture.gouv.sn\/index.php\/wp-json\/wp\/v2\/users\/1"}],"replies":[{"embeddable":true,"href":"https:\/\/www.culture.gouv.sn\/index.php\/wp-json\/wp\/v2\/comments?post=11583"}],"version-history":[{"count":2,"href":"https:\/\/www.culture.gouv.sn\/index.php\/wp-json\/wp\/v2\/posts\/11583\/revisions"}],"predecessor-version":[{"id":11587,"href":"https:\/\/www.culture.gouv.sn\/index.php\/wp-json\/wp\/v2\/posts\/11583\/revisions\/11587"}],"wp:featuredmedia":[{"embeddable":true,"href":"https:\/\/www.culture.gouv.sn\/index.php\/wp-json\/wp\/v2\/media\/11584"}],"wp:attachment":[{"href":"https:\/\/www.culture.gouv.sn\/index.php\/wp-json\/wp\/v2\/media?parent=11583"}],"wp:term":[{"taxonomy":"category","embeddable":true,"href":"https:\/\/www.culture.gouv.sn\/index.php\/wp-json\/wp\/v2\/categories?post=11583"},{"taxonomy":"post_tag","embeddable":true,"href":"https:\/\/www.culture.gouv.sn\/index.php\/wp-json\/wp\/v2\/tags?post=11583"}],"curies":[{"name":"wp","href":"https:\/\/api.w.org\/{rel}","templated":true}]}}