{"id":11588,"date":"2021-11-03T15:49:02","date_gmt":"2021-11-03T15:49:02","guid":{"rendered":"http:\/\/www.culture.gouv.sn\/?p=11588"},"modified":"2021-11-03T15:49:02","modified_gmt":"2021-11-03T15:49:02","slug":"mbougar-sarr-remporte-le-prix-goncourt-2021","status":"publish","type":"post","link":"https:\/\/www.culture.gouv.sn\/index.php\/2021\/11\/03\/mbougar-sarr-remporte-le-prix-goncourt-2021\/","title":{"rendered":"Mbougar Sarr remporte le Prix Goncourt 2021"},"content":{"rendered":"<div id=\"pl-11588\"  class=\"panel-layout\" ><div id=\"pg-11588-0\"  class=\"panel-grid panel-no-style\" ><div id=\"pgc-11588-0-0\"  class=\"panel-grid-cell\" ><div id=\"panel-11588-0-0-0\" class=\"so-panel widget widget_text panel-first-child panel-last-child\" data-index=\"0\" ><h3 class=\"widget-title\">Mbougar Sarr remporte le Prix Goncourt 2021<\/h3>\t\t\t<div class=\"textwidget\"><div dir=\"auto\">C&rsquo;est une premi\u00e8re, notre compatriote Mohamed Mbougar Sarr vient de remporter le prestigieux prix Goncourt gr\u00e2ce \u00e0 son livre \u00ab\u00a0La Plus Secr\u00e8te M\u00e9moire des Hommes\u00a0\u00bb.<\/div>\n<div dir=\"auto\">C&rsquo;est donc une cons\u00e9cration pour ce jeune \u00e9crivain p\u00e9tri de talent et une valeur s\u00fbre de la litt\u00e9rature s\u00e9n\u00e9galaise.<\/div>\n<div dir=\"auto\">Le prix Goncourt est un prix litt\u00e9raire fran\u00e7ais r\u00e9compensant des auteurs d\u2019expression fran\u00e7aise.<\/div>\n<div dir=\"auto\"><\/div>\n<div dir=\"auto\"><img loading=\"lazy\" class=\"alignnone size-full wp-image-11589\" src=\"http:\/\/www.culture.gouv.sn\/wp-content\/uploads\/2021\/11\/lsmh-Mbougar.jpg\" alt=\"\" width=\"258\" height=\"196\" srcset=\"https:\/\/www.culture.gouv.sn\/wp-content\/uploads\/2021\/11\/lsmh-Mbougar.jpg 258w, https:\/\/www.culture.gouv.sn\/wp-content\/uploads\/2021\/11\/lsmh-Mbougar-24x18.jpg 24w, https:\/\/www.culture.gouv.sn\/wp-content\/uploads\/2021\/11\/lsmh-Mbougar-36x27.jpg 36w, https:\/\/www.culture.gouv.sn\/wp-content\/uploads\/2021\/11\/lsmh-Mbougar-48x36.jpg 48w\" sizes=\"(max-width: 258px) 100vw, 258px\" \/><\/div>\n<\/div>\n\t\t<\/div><\/div><\/div><\/div>","protected":false},"excerpt":{"rendered":"<p>C&rsquo;est une premi\u00e8re, notre compatriote Mohamed Mbougar Sarr vient de remporter le prestigieux prix Goncourt gr\u00e2ce \u00e0 son livre \u00ab\u00a0La Plus Secr\u00e8te M\u00e9moire des Hommes\u00a0\u00bb. C&rsquo;est donc une cons\u00e9cration pour ce jeune \u00e9crivain p\u00e9tri de talent et une valeur s\u00fbre de la litt\u00e9rature s\u00e9n\u00e9galaise. Le prix Goncourt est un prix litt\u00e9raire fran\u00e7ais r\u00e9compensant des auteurs [&hellip;]<\/p>\n","protected":false},"author":1,"featured_media":11590,"comment_status":"open","ping_status":"open","sticky":false,"template":"","format":"standard","meta":{"ngg_post_thumbnail":0},"categories":[2],"tags":[],"_links":{"self":[{"href":"https:\/\/www.culture.gouv.sn\/index.php\/wp-json\/wp\/v2\/posts\/11588"}],"collection":[{"href":"https:\/\/www.culture.gouv.sn\/index.php\/wp-json\/wp\/v2\/posts"}],"about":[{"href":"https:\/\/www.culture.gouv.sn\/index.php\/wp-json\/wp\/v2\/types\/post"}],"author":[{"embeddable":true,"href":"https:\/\/www.culture.gouv.sn\/index.php\/wp-json\/wp\/v2\/users\/1"}],"replies":[{"embeddable":true,"href":"https:\/\/www.culture.gouv.sn\/index.php\/wp-json\/wp\/v2\/comments?post=11588"}],"version-history":[{"count":1,"href":"https:\/\/www.culture.gouv.sn\/index.php\/wp-json\/wp\/v2\/posts\/11588\/revisions"}],"predecessor-version":[{"id":11591,"href":"https:\/\/www.culture.gouv.sn\/index.php\/wp-json\/wp\/v2\/posts\/11588\/revisions\/11591"}],"wp:featuredmedia":[{"embeddable":true,"href":"https:\/\/www.culture.gouv.sn\/index.php\/wp-json\/wp\/v2\/media\/11590"}],"wp:attachment":[{"href":"https:\/\/www.culture.gouv.sn\/index.php\/wp-json\/wp\/v2\/media?parent=11588"}],"wp:term":[{"taxonomy":"category","embeddable":true,"href":"https:\/\/www.culture.gouv.sn\/index.php\/wp-json\/wp\/v2\/categories?post=11588"},{"taxonomy":"post_tag","embeddable":true,"href":"https:\/\/www.culture.gouv.sn\/index.php\/wp-json\/wp\/v2\/tags?post=11588"}],"curies":[{"name":"wp","href":"https:\/\/api.w.org\/{rel}","templated":true}]}}