{"id":11709,"date":"2022-02-11T16:46:40","date_gmt":"2022-02-11T16:46:40","guid":{"rendered":"http:\/\/www.culture.gouv.sn\/?p=11709"},"modified":"2022-02-11T23:15:51","modified_gmt":"2022-02-11T23:15:51","slug":"hommage-a-abdoul-aziz-guisse-2","status":"publish","type":"post","link":"https:\/\/www.culture.gouv.sn\/index.php\/2022\/02\/11\/hommage-a-abdoul-aziz-guisse-2\/","title":{"rendered":"Abdoul Aziz GUISSE: une figure embl\u00e9matique pour la sauvegarde du patrimoine"},"content":{"rendered":"<div id=\"pl-11709\"  class=\"panel-layout\" ><div id=\"pg-11709-0\"  class=\"panel-grid panel-no-style\" ><div id=\"pgc-11709-0-0\"  class=\"panel-grid-cell\" ><div id=\"panel-11709-0-0-0\" class=\"so-panel widget widget_text panel-first-child panel-last-child\" data-index=\"0\" ><h3 class=\"widget-title\">Abdoul Aziz GUISSE: une figure embl\u00e9matique pour la sauvegarde du patrimoine<\/h3>\t\t\t<div class=\"textwidget\"><div dir=\"auto\">Avec la disparition du Directeur du Patrimoine Culturel, Abdoul Aziz GUISSE, le S\u00e9n\u00e9gal, l\u2019Afrique et le Monde viennent, sans aucun doute, de perdre l\u2019une des figures les plus embl\u00e9matiques de la conservation et de la sauvegarde du patrimoine mondial.<\/div>\n<div dir=\"auto\"><\/div>\n<div dir=\"auto\">Si pour les m\u00e9tronomes de la r\u00e9publique la s\u00e9quence est bien close, pour les gardiens de la m\u00e9moire elle ne fait que commencer car nous n\u2019avons pas pour vocation d\u2019accepter l\u2019an\u00e9antissement mais d\u2019affirmer avec le po\u00e8te que les \u00ab Morts ne sont pas morts \u00bb.<\/div>\n<div dir=\"auto\"><\/div>\n<div dir=\"auto\">Le passage d\u2019Aziz \u00e0 la culture est un long chapelet de b\u00e9n\u00e9dictions qui vont du pilotage d\u2019\u00e9quipements culturels majeurs aux r\u00e9habilitations de monuments historiques sans oublier les inscriptions sur les prestigieuses listes du patrimoine mondial. Il est souvent question d\u2019inventaires en ce moment,\u00a0 depuis que la probl\u00e9matique des restitutions s\u2019est impos\u00e9e \u00e0 la communaut\u00e9 internationale. Ce fut pourtant la premi\u00e8re t\u00e2che \u00e0 laquelle il s\u2019est attel\u00e9, il y a bient\u00f4t vingt ans quand le Pr\u00e9sident Abdoulaye Wade en confia la r\u00e9alisation au Minist\u00e8re de la Culture, \u00e0 la DPC en particulier. La base de donn\u00e9es confectionn\u00e9e \u00e0 cette occasion, est l\u2019une des plus achev\u00e9e dans la sous-r\u00e9gion et le mod\u00e8le de fiches d\u2019inventaire est encore d\u2019une grande actualit\u00e9. Il vient d\u2019\u00eatre repris et actualis\u00e9 par la Commission sp\u00e9ciale charg\u00e9e de la restitution des collections s\u00e9n\u00e9galaises d\u00e9tenues par les mus\u00e9es occidentaux.<\/div>\n<div dir=\"auto\"><\/div>\n<div dir=\"auto\">Dans le cadre de l\u2019inventaire initi\u00e9 en 2002 , Guiss\u00e9 a parcouru le pays avec les \u00e9quipes de la DPC, visit\u00e9 sites et monuments, document\u00e9 des lieux de m\u00e9moire et produit des synth\u00e8ses qui serviront longtemps encore les praticiens du patrimoine. Dans la m\u00eame lanc\u00e9e, il a pilot\u00e9 tr\u00e8s r\u00e9cemment l\u2019inventaire du patrimoine immat\u00e9riel de notre pays et r\u00e9ussi \u00e0 donner \u00e0 notre \u00ab Plat national \u00bb le Ceebu jeen le statut de valeur universelle exceptionnelle. Restons dans l\u2019immat\u00e9riel pour noter deux autres r\u00e9ussites mondiales avec l\u2019inscription du Kankurang comme chef-d\u2019\u0153uvre du patrimoine immat\u00e9riel de l\u2019humanit\u00e9 et le Xooy comme \u00e9l\u00e9ment repr\u00e9sentatif de ce m\u00eame patrimoine. Dans tous ces dossiers Aziz a jou\u00e9 des r\u00f4les d\u00e9terminants.<\/div>\n<div dir=\"auto\"><\/div>\n<div dir=\"auto\">Mais ce n\u2019est l\u00e0 qu\u2019une entr\u00e9e en mati\u00e8re. Les combats les plus \u00e9piques il les a conduits dans la Convention du Patrimoine mondial, Naturel et culturel (1972). Il est intiment associ\u00e9 \u00e0 l\u2019\u00e9pop\u00e9e de notre pays qui a r\u00e9ussi une v\u00e9ritable perc\u00e9e sur cette Liste prestigieuse, inscrivant successivement les\u00a0 \u00ab M\u00e9galithes de S\u00e9n\u00e9gambie (2006), le Delta du Saloum (2011) et le Pays Bassari (2012).<\/div>\n<div dir=\"auto\"><\/div>\n<div dir=\"auto\">La pr\u00e9sence remarqu\u00e9e du S\u00e9n\u00e9gal au Comit\u00e9 du patrimoine mondial est aussi largement associ\u00e9e \u00e0 lui qui fut un tr\u00e8s brillant membre de nos d\u00e9l\u00e9gations. Il sera aussi un brillant repr\u00e9sentant du S\u00e9n\u00e9gal, en qualit\u00e9 d\u2019expert, au Comit\u00e9 du patrimoine immat\u00e9riel (Convention de 2003). Que dire enfin des nombreuses r\u00e9alisations dans le cadre de l\u2019am\u00e9nagement culturel du territoire et de la r\u00e9habilitation des monuments historiques. Le pilotage de la r\u00e9alisation des centres d\u2019interpr\u00e9tations de Bandafassi (Pays Basari) et Toubacouta (Delta du Saloum) est une r\u00e9ussite qui montre \u00e0 quel point le patrimoine peut aussi \u00eatre un acteur du d\u00e9veloppement local.<\/div>\n<div dir=\"auto\"><\/div>\n<div dir=\"auto\">Quant aux r\u00e9habilitations pilot\u00e9es \u00e0 la Direction du Patrimoine culturel, il est inutile d\u2019en tenter une approche exhaustive. Je me contenterai d\u2019en citer, au hasard quelques-unes parmi les plus embl\u00e9matiques : Le Mausol\u00e9e Abdel Kader Kane, le Mausol\u00e9e, Cheikh Anta Diop,\u00a0 le Muasol\u00e9e Kocc Barma Fal, l\u2019\u00e9glise de Carabane, l\u2019\u00e9glise de Ziguinchor et plus r\u00e9cemment la Mosqu\u00e9e de Karantaba.<\/div>\n<div dir=\"auto\"><\/div>\n<div dir=\"auto\">Ce haut fonctionnaire mod\u00e8le, serviteur infatigable \u00e9tait, en toute lucidit\u00e9, le chantre de la promotion, de la sauvegarde et de\u00a0 la valorisation du patrimoine mondial qui gardera son souvenir inscrit dans le marbre.<\/div>\n<div dir=\"auto\"><\/div>\n<div dir=\"auto\">\u00a0A sa famille biologique et \u00e0 toute la communaut\u00e9 culturelle nationale et internationale, je pr\u00e9sente mes condol\u00e9ances les plus \u00e9mues au nom de Son Excellence Monsieur Macky Sall, Pr\u00e9sident de la R\u00e9publique et du gouvernement du S\u00e9n\u00e9gal.<\/div>\n<div dir=\"auto\"><\/div>\n<div dir=\"auto\">\u00a0Repose en paix notre Cher Aziz.<\/div>\n<div dir=\"auto\"><\/div>\n<div dir=\"auto\">\u00a0Abdoulaye Diop<\/div>\n<div dir=\"auto\">Ministre de la Culture et de la Communication<\/div>\n<\/div>\n\t\t<\/div><\/div><\/div><\/div>","protected":false},"excerpt":{"rendered":"<p>Avec la disparition du Directeur du Patrimoine Culturel, Abdoul Aziz GUISSE, le S\u00e9n\u00e9gal, l\u2019Afrique et le Monde viennent, sans aucun doute, de perdre l\u2019une des figures les plus embl\u00e9matiques de la conservation et de la sauvegarde du patrimoine mondial. Si pour les m\u00e9tronomes de la r\u00e9publique la s\u00e9quence est bien close, pour les gardiens de [&hellip;]<\/p>\n","protected":false},"author":1,"featured_media":11713,"comment_status":"open","ping_status":"open","sticky":false,"template":"","format":"standard","meta":{"ngg_post_thumbnail":0},"categories":[2],"tags":[],"_links":{"self":[{"href":"https:\/\/www.culture.gouv.sn\/index.php\/wp-json\/wp\/v2\/posts\/11709"}],"collection":[{"href":"https:\/\/www.culture.gouv.sn\/index.php\/wp-json\/wp\/v2\/posts"}],"about":[{"href":"https:\/\/www.culture.gouv.sn\/index.php\/wp-json\/wp\/v2\/types\/post"}],"author":[{"embeddable":true,"href":"https:\/\/www.culture.gouv.sn\/index.php\/wp-json\/wp\/v2\/users\/1"}],"replies":[{"embeddable":true,"href":"https:\/\/www.culture.gouv.sn\/index.php\/wp-json\/wp\/v2\/comments?post=11709"}],"version-history":[{"count":3,"href":"https:\/\/www.culture.gouv.sn\/index.php\/wp-json\/wp\/v2\/posts\/11709\/revisions"}],"predecessor-version":[{"id":11714,"href":"https:\/\/www.culture.gouv.sn\/index.php\/wp-json\/wp\/v2\/posts\/11709\/revisions\/11714"}],"wp:featuredmedia":[{"embeddable":true,"href":"https:\/\/www.culture.gouv.sn\/index.php\/wp-json\/wp\/v2\/media\/11713"}],"wp:attachment":[{"href":"https:\/\/www.culture.gouv.sn\/index.php\/wp-json\/wp\/v2\/media?parent=11709"}],"wp:term":[{"taxonomy":"category","embeddable":true,"href":"https:\/\/www.culture.gouv.sn\/index.php\/wp-json\/wp\/v2\/categories?post=11709"},{"taxonomy":"post_tag","embeddable":true,"href":"https:\/\/www.culture.gouv.sn\/index.php\/wp-json\/wp\/v2\/tags?post=11709"}],"curies":[{"name":"wp","href":"https:\/\/api.w.org\/{rel}","templated":true}]}}