{"id":11740,"date":"2022-03-29T11:44:35","date_gmt":"2022-03-29T11:44:35","guid":{"rendered":"http:\/\/www.culture.gouv.sn\/?p=11740"},"modified":"2022-03-29T11:44:35","modified_gmt":"2022-03-29T11:44:35","slug":"journee-mondiale-du-theatre-des-mesures-fortes-pour-la-diffusion-des-spectacles","status":"publish","type":"post","link":"https:\/\/www.culture.gouv.sn\/index.php\/2022\/03\/29\/journee-mondiale-du-theatre-des-mesures-fortes-pour-la-diffusion-des-spectacles\/","title":{"rendered":"Journ\u00e9e mondiale du th\u00e9\u00e2tre: Des mesures fortes pour la diffusion des spectacles"},"content":{"rendered":"<div id=\"pl-11740\"  class=\"panel-layout\" ><div id=\"pg-11740-0\"  class=\"panel-grid panel-no-style\" ><div id=\"pgc-11740-0-0\"  class=\"panel-grid-cell\" ><div id=\"panel-11740-0-0-0\" class=\"so-panel widget widget_text panel-first-child panel-last-child\" data-index=\"0\" ><h3 class=\"widget-title\">Journ\u00e9e mondiale du th\u00e9\u00e2tre: Des mesures fortes pour la diffusion des spectacles<\/h3>\t\t\t<div class=\"textwidget\"><p style=\"font-weight: 400;\">A l\u2019instar de tous les pays, le S\u00e9n\u00e9gal a c\u00e9l\u00e9br\u00e9 ce 27 mars la journ\u00e9e mondiale du th\u00e9\u00e2tre. Une c\u00e9r\u00e9monie riche en son et en couleur au temple mythique du 4<sup>\u00e8me<\/sup>\u00a0de Sorano. Une forte mobilisation de tous les acteurs et professionnels du th\u00e9\u00e2tre avec des prestations et des spectacles portant sur divers sujets de soci\u00e9t\u00e9, ont constitu\u00e9 les temps\u00a0du 60\u00e8me anniversaire de la c\u00e9l\u00e9bration de la journ\u00e9e mondiale du th\u00e9\u00e2tre par l\u2019Institut International du Th\u00e9\u00e2tre (ITI).<\/p>\n<p style=\"font-weight: 400;\">Les com\u00e9diens ont saisi cette occasion pour remercier et saluer les nombreux efforts du Gouvernement pour le bien-\u00eatre des acteurs du th\u00e9\u00e2tre et le rayonnement du sous-secteur.<\/p>\n<p style=\"font-weight: 400;\">Abdoulaye Diop, ministre de la Culture et de la Communication a soulign\u00e9 l\u2019importance de cette comm\u00e9moration qui est l\u2019un des rendez-vous les plus attendus du calendrier culturel national. Le ministre\u00a0 a saisi \u00a0l\u2019occasion pour encourager toutes les parties prenantes de la concertation sur le th\u00e9\u00e2tre qui a abouti \u00e0 la production et \u00e0 la validation d\u2019un plan strat\u00e9gique de d\u00e9veloppement.<\/p>\n<p style=\"font-weight: 400;\">L\u2019autorit\u00e9 a insist\u00e9 sur la n\u00e9cessit\u00e9 d\u2019un meilleur\u00a0maillage du territoire en termes d\u2019activit\u00e9s culturelles afin d\u2019assurer la promotion et la diffusion des cr\u00e9ations. C\u2019est dans cette optique qu\u2019il a annonc\u00e9 que la Compagnie du Th\u00e9\u00e2tre national Daniel Sorano et le Grand Th\u00e9\u00e2tre national seront largement mis \u00e0 contribution pour la programmation \u00e0 Dakar des meilleurs spectacles des\u00a0 cr\u00e9ateurs de l\u2019int\u00e9rieur et donner ainsi une\u00a0 promotion nationale et internationale \u00e0 leurs \u0153uvres.<\/p>\n<\/div>\n\t\t<\/div><\/div><\/div><\/div>","protected":false},"excerpt":{"rendered":"<p>A l\u2019instar de tous les pays, le S\u00e9n\u00e9gal a c\u00e9l\u00e9br\u00e9 ce 27 mars la journ\u00e9e mondiale du th\u00e9\u00e2tre. Une c\u00e9r\u00e9monie riche en son et en couleur au temple mythique du 4\u00e8me\u00a0de Sorano. Une forte mobilisation de tous les acteurs et professionnels du th\u00e9\u00e2tre avec des prestations et des spectacles portant sur divers sujets de soci\u00e9t\u00e9, [&hellip;]<\/p>\n","protected":false},"author":1,"featured_media":11741,"comment_status":"open","ping_status":"open","sticky":false,"template":"","format":"standard","meta":{"ngg_post_thumbnail":0},"categories":[2],"tags":[],"_links":{"self":[{"href":"https:\/\/www.culture.gouv.sn\/index.php\/wp-json\/wp\/v2\/posts\/11740"}],"collection":[{"href":"https:\/\/www.culture.gouv.sn\/index.php\/wp-json\/wp\/v2\/posts"}],"about":[{"href":"https:\/\/www.culture.gouv.sn\/index.php\/wp-json\/wp\/v2\/types\/post"}],"author":[{"embeddable":true,"href":"https:\/\/www.culture.gouv.sn\/index.php\/wp-json\/wp\/v2\/users\/1"}],"replies":[{"embeddable":true,"href":"https:\/\/www.culture.gouv.sn\/index.php\/wp-json\/wp\/v2\/comments?post=11740"}],"version-history":[{"count":2,"href":"https:\/\/www.culture.gouv.sn\/index.php\/wp-json\/wp\/v2\/posts\/11740\/revisions"}],"predecessor-version":[{"id":11743,"href":"https:\/\/www.culture.gouv.sn\/index.php\/wp-json\/wp\/v2\/posts\/11740\/revisions\/11743"}],"wp:featuredmedia":[{"embeddable":true,"href":"https:\/\/www.culture.gouv.sn\/index.php\/wp-json\/wp\/v2\/media\/11741"}],"wp:attachment":[{"href":"https:\/\/www.culture.gouv.sn\/index.php\/wp-json\/wp\/v2\/media?parent=11740"}],"wp:term":[{"taxonomy":"category","embeddable":true,"href":"https:\/\/www.culture.gouv.sn\/index.php\/wp-json\/wp\/v2\/categories?post=11740"},{"taxonomy":"post_tag","embeddable":true,"href":"https:\/\/www.culture.gouv.sn\/index.php\/wp-json\/wp\/v2\/tags?post=11740"}],"curies":[{"name":"wp","href":"https:\/\/api.w.org\/{rel}","templated":true}]}}