{"id":11744,"date":"2022-03-29T11:55:30","date_gmt":"2022-03-29T11:55:30","guid":{"rendered":"http:\/\/www.culture.gouv.sn\/?p=11744"},"modified":"2022-03-29T11:55:30","modified_gmt":"2022-03-29T11:55:30","slug":"dakar-et-teheran-veulent-redynamiser-les-echanges-culturels","status":"publish","type":"post","link":"https:\/\/www.culture.gouv.sn\/index.php\/2022\/03\/29\/dakar-et-teheran-veulent-redynamiser-les-echanges-culturels\/","title":{"rendered":"Dakar et T\u00e9h\u00e9ran veulent redynamiser les \u00e9changes culturels"},"content":{"rendered":"<div id=\"pl-11744\"  class=\"panel-layout\" ><div id=\"pg-11744-0\"  class=\"panel-grid panel-no-style\" ><div id=\"pgc-11744-0-0\"  class=\"panel-grid-cell\" ><div id=\"panel-11744-0-0-0\" class=\"so-panel widget widget_text panel-first-child panel-last-child\" data-index=\"0\" ><h3 class=\"widget-title\">Dakar et T\u00e9h\u00e9ran veulent redynamiser les \u00e9changes culturels<\/h3>\t\t\t<div class=\"textwidget\"><div dir=\"auto\">Monsieur Abdoulaye Diop, ministre de la Culture et de la Communication a re\u00e7u le lundi 28 mars 2022, Monsieur Saeed Khatibzadeh vice-ministre, Porte-parole et chef du centre de diplomatie publique du minist\u00e8re des Affaires \u00e9trang\u00e8res de la R\u00e9publique Islamique d\u2019Iran.<\/div>\n<div dir=\"auto\">Le ministre et son h\u00f4te ont \u00e9voqu\u00e9 ensemble les voies et moyens d\u2019une redynamisation de la coop\u00e9ration culturelle entre Dakar et T\u00e9h\u00e9ran. Les deux parties ont convenu de r\u00e9actualiser le cadre de coop\u00e9ration et de finaliser le programme ex\u00e9cutif de travail pour les trois prochaines ann\u00e9es.<\/div>\n<div dir=\"auto\">Le vice-ministre a invit\u00e9 son coll\u00e8gue s\u00e9n\u00e9galais \u00e0 T\u00e9h\u00e9ran et souhaite l\u2019organisation d\u2019une semaine culturelle s\u00e9n\u00e9galaise dans son pays \u00e0 l\u2019occasion de la c\u00e9l\u00e9bration du 50\u00e8me anniversaire des relations diplomatiques entre le S\u00e9n\u00e9gal et l\u2019Iran. Saeed Khatibzadeh a salu\u00e9 le pragmatisme du ministre et magnifi\u00e9 la position de leader du S\u00e9n\u00e9gal en Afrique de l\u2019ouest.<\/div>\n<div dir=\"auto\">Le ministre Abdoulaye Diop a exprim\u00e9 la disponibilit\u00e9 et l\u2019ouverture de son pays pour booster les \u00e9changes culturels avec la R\u00e9publique islamique d\u2019Iran. Il s\u2019est r\u00e9joui de la volont\u00e9 affich\u00e9e par son homologue de donner un nouveau souffle \u00e0 la coop\u00e9ration culturelle et artistique entre Dakar et T\u00e9h\u00e9ran.<\/div>\n<div dir=\"auto\"><\/div>\n<div dir=\"auto\"><\/div>\n<div dir=\"auto\"><img loading=\"lazy\" class=\"alignnone size-medium wp-image-11749\" src=\"http:\/\/www.culture.gouv.sn\/wp-content\/uploads\/2022\/03\/IMG-20220328-WA0016-300x200.jpg\" alt=\"\" width=\"300\" height=\"200\" srcset=\"https:\/\/www.culture.gouv.sn\/wp-content\/uploads\/2022\/03\/IMG-20220328-WA0016-300x200.jpg 300w, https:\/\/www.culture.gouv.sn\/wp-content\/uploads\/2022\/03\/IMG-20220328-WA0016-600x400.jpg 600w, https:\/\/www.culture.gouv.sn\/wp-content\/uploads\/2022\/03\/IMG-20220328-WA0016-1024x683.jpg 1024w, https:\/\/www.culture.gouv.sn\/wp-content\/uploads\/2022\/03\/IMG-20220328-WA0016-768x512.jpg 768w, https:\/\/www.culture.gouv.sn\/wp-content\/uploads\/2022\/03\/IMG-20220328-WA0016-391x260.jpg 391w, https:\/\/www.culture.gouv.sn\/wp-content\/uploads\/2022\/03\/IMG-20220328-WA0016-24x16.jpg 24w, https:\/\/www.culture.gouv.sn\/wp-content\/uploads\/2022\/03\/IMG-20220328-WA0016-36x24.jpg 36w, https:\/\/www.culture.gouv.sn\/wp-content\/uploads\/2022\/03\/IMG-20220328-WA0016-48x32.jpg 48w, https:\/\/www.culture.gouv.sn\/wp-content\/uploads\/2022\/03\/IMG-20220328-WA0016-1000x667.jpg 1000w, https:\/\/www.culture.gouv.sn\/wp-content\/uploads\/2022\/03\/IMG-20220328-WA0016-272x182.jpg 272w, https:\/\/www.culture.gouv.sn\/wp-content\/uploads\/2022\/03\/IMG-20220328-WA0016.jpg 1080w\" sizes=\"(max-width: 300px) 100vw, 300px\" \/>\u00a0<img loading=\"lazy\" class=\"alignnone size-medium wp-image-11748\" src=\"http:\/\/www.culture.gouv.sn\/wp-content\/uploads\/2022\/03\/IMG-20220328-WA0014-300x200.jpg\" alt=\"\" width=\"300\" height=\"200\" srcset=\"https:\/\/www.culture.gouv.sn\/wp-content\/uploads\/2022\/03\/IMG-20220328-WA0014-300x200.jpg 300w, https:\/\/www.culture.gouv.sn\/wp-content\/uploads\/2022\/03\/IMG-20220328-WA0014-600x400.jpg 600w, https:\/\/www.culture.gouv.sn\/wp-content\/uploads\/2022\/03\/IMG-20220328-WA0014-1024x683.jpg 1024w, https:\/\/www.culture.gouv.sn\/wp-content\/uploads\/2022\/03\/IMG-20220328-WA0014-768x512.jpg 768w, https:\/\/www.culture.gouv.sn\/wp-content\/uploads\/2022\/03\/IMG-20220328-WA0014-391x260.jpg 391w, https:\/\/www.culture.gouv.sn\/wp-content\/uploads\/2022\/03\/IMG-20220328-WA0014-24x16.jpg 24w, https:\/\/www.culture.gouv.sn\/wp-content\/uploads\/2022\/03\/IMG-20220328-WA0014-36x24.jpg 36w, https:\/\/www.culture.gouv.sn\/wp-content\/uploads\/2022\/03\/IMG-20220328-WA0014-48x32.jpg 48w, https:\/\/www.culture.gouv.sn\/wp-content\/uploads\/2022\/03\/IMG-20220328-WA0014-1000x667.jpg 1000w, https:\/\/www.culture.gouv.sn\/wp-content\/uploads\/2022\/03\/IMG-20220328-WA0014-272x182.jpg 272w, https:\/\/www.culture.gouv.sn\/wp-content\/uploads\/2022\/03\/IMG-20220328-WA0014.jpg 1080w\" sizes=\"(max-width: 300px) 100vw, 300px\" \/> <img loading=\"lazy\" class=\"alignnone size-medium wp-image-11750\" src=\"http:\/\/www.culture.gouv.sn\/wp-content\/uploads\/2022\/03\/IMG-20220328-WA0017-300x200.jpg\" alt=\"\" width=\"300\" height=\"200\" srcset=\"https:\/\/www.culture.gouv.sn\/wp-content\/uploads\/2022\/03\/IMG-20220328-WA0017-300x200.jpg 300w, https:\/\/www.culture.gouv.sn\/wp-content\/uploads\/2022\/03\/IMG-20220328-WA0017-600x400.jpg 600w, https:\/\/www.culture.gouv.sn\/wp-content\/uploads\/2022\/03\/IMG-20220328-WA0017-1024x683.jpg 1024w, https:\/\/www.culture.gouv.sn\/wp-content\/uploads\/2022\/03\/IMG-20220328-WA0017-768x512.jpg 768w, https:\/\/www.culture.gouv.sn\/wp-content\/uploads\/2022\/03\/IMG-20220328-WA0017-391x260.jpg 391w, https:\/\/www.culture.gouv.sn\/wp-content\/uploads\/2022\/03\/IMG-20220328-WA0017-24x16.jpg 24w, https:\/\/www.culture.gouv.sn\/wp-content\/uploads\/2022\/03\/IMG-20220328-WA0017-36x24.jpg 36w, https:\/\/www.culture.gouv.sn\/wp-content\/uploads\/2022\/03\/IMG-20220328-WA0017-48x32.jpg 48w, https:\/\/www.culture.gouv.sn\/wp-content\/uploads\/2022\/03\/IMG-20220328-WA0017-1000x667.jpg 1000w, https:\/\/www.culture.gouv.sn\/wp-content\/uploads\/2022\/03\/IMG-20220328-WA0017-272x182.jpg 272w, https:\/\/www.culture.gouv.sn\/wp-content\/uploads\/2022\/03\/IMG-20220328-WA0017.jpg 1080w\" sizes=\"(max-width: 300px) 100vw, 300px\" \/><\/div>\n<\/div>\n\t\t<\/div><\/div><\/div><\/div>","protected":false},"excerpt":{"rendered":"<p>Monsieur Abdoulaye Diop, ministre de la Culture et de la Communication a re\u00e7u le lundi 28 mars 2022, Monsieur Saeed Khatibzadeh vice-ministre, Porte-parole et chef du centre de diplomatie publique du minist\u00e8re des Affaires \u00e9trang\u00e8res de la R\u00e9publique Islamique d\u2019Iran. Le ministre et son h\u00f4te ont \u00e9voqu\u00e9 ensemble les voies et moyens d\u2019une redynamisation de [&hellip;]<\/p>\n","protected":false},"author":1,"featured_media":11746,"comment_status":"open","ping_status":"open","sticky":false,"template":"","format":"standard","meta":{"ngg_post_thumbnail":0},"categories":[2],"tags":[],"_links":{"self":[{"href":"https:\/\/www.culture.gouv.sn\/index.php\/wp-json\/wp\/v2\/posts\/11744"}],"collection":[{"href":"https:\/\/www.culture.gouv.sn\/index.php\/wp-json\/wp\/v2\/posts"}],"about":[{"href":"https:\/\/www.culture.gouv.sn\/index.php\/wp-json\/wp\/v2\/types\/post"}],"author":[{"embeddable":true,"href":"https:\/\/www.culture.gouv.sn\/index.php\/wp-json\/wp\/v2\/users\/1"}],"replies":[{"embeddable":true,"href":"https:\/\/www.culture.gouv.sn\/index.php\/wp-json\/wp\/v2\/comments?post=11744"}],"version-history":[{"count":1,"href":"https:\/\/www.culture.gouv.sn\/index.php\/wp-json\/wp\/v2\/posts\/11744\/revisions"}],"predecessor-version":[{"id":11751,"href":"https:\/\/www.culture.gouv.sn\/index.php\/wp-json\/wp\/v2\/posts\/11744\/revisions\/11751"}],"wp:featuredmedia":[{"embeddable":true,"href":"https:\/\/www.culture.gouv.sn\/index.php\/wp-json\/wp\/v2\/media\/11746"}],"wp:attachment":[{"href":"https:\/\/www.culture.gouv.sn\/index.php\/wp-json\/wp\/v2\/media?parent=11744"}],"wp:term":[{"taxonomy":"category","embeddable":true,"href":"https:\/\/www.culture.gouv.sn\/index.php\/wp-json\/wp\/v2\/categories?post=11744"},{"taxonomy":"post_tag","embeddable":true,"href":"https:\/\/www.culture.gouv.sn\/index.php\/wp-json\/wp\/v2\/tags?post=11744"}],"curies":[{"name":"wp","href":"https:\/\/api.w.org\/{rel}","templated":true}]}}