{"id":11762,"date":"2022-04-23T00:48:53","date_gmt":"2022-04-23T00:48:53","guid":{"rendered":"http:\/\/www.culture.gouv.sn\/?p=11762"},"modified":"2022-04-23T00:48:53","modified_gmt":"2022-04-23T00:48:53","slug":"fdcu-prorogation-de-la-cloture-du-6eme-appel-a-candidatures","status":"publish","type":"post","link":"https:\/\/www.culture.gouv.sn\/index.php\/2022\/04\/23\/fdcu-prorogation-de-la-cloture-du-6eme-appel-a-candidatures\/","title":{"rendered":"FDCU: Prorogation de la cl\u00f4ture du 6\u00e8me appel \u00e0 candidatures"},"content":{"rendered":"<div id=\"pl-11762\"  class=\"panel-layout\" ><div id=\"pg-11762-0\"  class=\"panel-grid panel-no-style\" ><div id=\"pgc-11762-0-0\"  class=\"panel-grid-cell\" ><div id=\"panel-11762-0-0-0\" class=\"so-panel widget widget_text panel-first-child panel-last-child\" data-index=\"0\" ><h3 class=\"widget-title\">FDCU: Prorogation de la cl\u00f4ture du 6\u00e8me appel \u00e0 candidatures<\/h3>\t\t\t<div class=\"textwidget\"><p><img loading=\"lazy\" class=\"alignnone size-full wp-image-11735\" src=\"http:\/\/www.culture.gouv.sn\/wp-content\/uploads\/2022\/03\/FDCU.jpg\" alt=\"\" width=\"299\" height=\"168\" srcset=\"https:\/\/www.culture.gouv.sn\/wp-content\/uploads\/2022\/03\/FDCU.jpg 299w, https:\/\/www.culture.gouv.sn\/wp-content\/uploads\/2022\/03\/FDCU-24x13.jpg 24w, https:\/\/www.culture.gouv.sn\/wp-content\/uploads\/2022\/03\/FDCU-36x20.jpg 36w, https:\/\/www.culture.gouv.sn\/wp-content\/uploads\/2022\/03\/FDCU-48x27.jpg 48w\" sizes=\"(max-width: 299px) 100vw, 299px\" \/><\/p>\n<p>Cliquez ici: <a href=\"http:\/\/www.culture.gouv.sn\/wp-content\/uploads\/2022\/04\/Communique-2-FDCU.pdf\">Communiqu\u00e9 2 FDCU<\/a><\/p>\n<\/div>\n\t\t<\/div><\/div><\/div><\/div>","protected":false},"excerpt":{"rendered":"<p>Cliquez ici: Communiqu\u00e9 2 FDCU<\/p>\n","protected":false},"author":1,"featured_media":11735,"comment_status":"open","ping_status":"open","sticky":false,"template":"","format":"standard","meta":{"ngg_post_thumbnail":0},"categories":[2],"tags":[],"_links":{"self":[{"href":"https:\/\/www.culture.gouv.sn\/index.php\/wp-json\/wp\/v2\/posts\/11762"}],"collection":[{"href":"https:\/\/www.culture.gouv.sn\/index.php\/wp-json\/wp\/v2\/posts"}],"about":[{"href":"https:\/\/www.culture.gouv.sn\/index.php\/wp-json\/wp\/v2\/types\/post"}],"author":[{"embeddable":true,"href":"https:\/\/www.culture.gouv.sn\/index.php\/wp-json\/wp\/v2\/users\/1"}],"replies":[{"embeddable":true,"href":"https:\/\/www.culture.gouv.sn\/index.php\/wp-json\/wp\/v2\/comments?post=11762"}],"version-history":[{"count":1,"href":"https:\/\/www.culture.gouv.sn\/index.php\/wp-json\/wp\/v2\/posts\/11762\/revisions"}],"predecessor-version":[{"id":11763,"href":"https:\/\/www.culture.gouv.sn\/index.php\/wp-json\/wp\/v2\/posts\/11762\/revisions\/11763"}],"wp:featuredmedia":[{"embeddable":true,"href":"https:\/\/www.culture.gouv.sn\/index.php\/wp-json\/wp\/v2\/media\/11735"}],"wp:attachment":[{"href":"https:\/\/www.culture.gouv.sn\/index.php\/wp-json\/wp\/v2\/media?parent=11762"}],"wp:term":[{"taxonomy":"category","embeddable":true,"href":"https:\/\/www.culture.gouv.sn\/index.php\/wp-json\/wp\/v2\/categories?post=11762"},{"taxonomy":"post_tag","embeddable":true,"href":"https:\/\/www.culture.gouv.sn\/index.php\/wp-json\/wp\/v2\/tags?post=11762"}],"curies":[{"name":"wp","href":"https:\/\/api.w.org\/{rel}","templated":true}]}}