{"id":11764,"date":"2022-04-25T18:03:50","date_gmt":"2022-04-25T18:03:50","guid":{"rendered":"http:\/\/www.culture.gouv.sn\/?p=11764"},"modified":"2022-04-25T18:08:17","modified_gmt":"2022-04-25T18:08:17","slug":"journee-mondiale-du-livre-a-lhopital-de-diamniadio-le-livre-pour-la-therapie-des-enfants-malades","status":"publish","type":"post","link":"https:\/\/www.culture.gouv.sn\/index.php\/2022\/04\/25\/journee-mondiale-du-livre-a-lhopital-de-diamniadio-le-livre-pour-la-therapie-des-enfants-malades\/","title":{"rendered":"Journ\u00e9e mondiale du livre \u00e0 l\u2019h\u00f4pital de Diamniadio: Le livre pour la th\u00e9rapie des enfants malades"},"content":{"rendered":"<div id=\"pl-11764\"  class=\"panel-layout\" ><div id=\"pg-11764-0\"  class=\"panel-grid panel-no-style\" ><div id=\"pgc-11764-0-0\"  class=\"panel-grid-cell\" ><div id=\"panel-11764-0-0-0\" class=\"so-panel widget widget_text panel-first-child panel-last-child\" data-index=\"0\" ><h3 class=\"widget-title\">Journ\u00e9e mondiale du livre \u00e0 l\u2019h\u00f4pital de Diamniadio: Le livre pour la th\u00e9rapie des enfants malades<\/h3>\t\t\t<div class=\"textwidget\"><p style=\"font-weight: 400;\">Les enfants intern\u00e9s \u00e0 l\u2019h\u00f4pital pour enfants de Diamniadio ont v\u00e9cu une matin\u00e9e particuli\u00e8re ce samedi 23 avril \u00e0 l\u2019occasion de la c\u00e9l\u00e9bration de la journ\u00e9e mondiale du livre et du droit d\u2019auteur.<\/p>\n<p style=\"font-weight: 400;\">En effet, ils ont joint l\u2019utile \u00e0 l\u2019agr\u00e9able avec une petite animation en conte, agr\u00e9ment\u00e9e de chansons, ce qui a permis aux petits de se d\u00e9compresser. En effet, le minist\u00e8re de la Culture et de la Communication par le biais de la direction du livre et de la lecture a remis un important lot de livres \u00e0 l\u2019h\u00f4pital.<\/p>\n<p style=\"font-weight: 400;\">Les ouvrages ont \u00e9t\u00e9 remis \u00e0 Mame Fama Dieng Gaye, la directrice de cet \u00e9tablissement sanitaire par Demba Faye, directeur de cabinet du ministre de la Culture.<\/p>\n<p>Monsieur Faye explique le choix port\u00e9 sur la structure sanitaire par la volont\u00e9 de son D\u00e9partement d\u2019aider et de contribuer \u00e0 la th\u00e9rapie des patients de l\u2019h\u00f4pital, \u00e0 soulager les enfants en leur offrant la possibilit\u00e9 de lire et d\u2019acqu\u00e9rir par la m\u00eame occasion du savoir.<\/p>\n<p>Le minist\u00e8re poursuit ainsi sa politique d\u2019implantation de biblioth\u00e8ques sur l\u2019ensemble du pays.<\/p>\n<p>La directrice de l\u2019h\u00f4pital pour enfants de Diamniadio a remerci\u00e9 le minist\u00e8re de la Culture pour cette importante dotation qui va renforcer la biblioth\u00e8que de son \u00e9tablissement.<\/p>\n<\/div>\n\t\t<\/div><\/div><\/div><\/div>","protected":false},"excerpt":{"rendered":"<p>Les enfants intern\u00e9s \u00e0 l\u2019h\u00f4pital pour enfants de Diamniadio ont v\u00e9cu une matin\u00e9e particuli\u00e8re ce samedi 23 avril \u00e0 l\u2019occasion de la c\u00e9l\u00e9bration de la journ\u00e9e mondiale du livre et du droit d\u2019auteur. En effet, ils ont joint l\u2019utile \u00e0 l\u2019agr\u00e9able avec une petite animation en conte, agr\u00e9ment\u00e9e de chansons, ce qui a permis aux [&hellip;]<\/p>\n","protected":false},"author":1,"featured_media":11769,"comment_status":"open","ping_status":"open","sticky":false,"template":"","format":"standard","meta":{"ngg_post_thumbnail":0},"categories":[2],"tags":[],"_links":{"self":[{"href":"https:\/\/www.culture.gouv.sn\/index.php\/wp-json\/wp\/v2\/posts\/11764"}],"collection":[{"href":"https:\/\/www.culture.gouv.sn\/index.php\/wp-json\/wp\/v2\/posts"}],"about":[{"href":"https:\/\/www.culture.gouv.sn\/index.php\/wp-json\/wp\/v2\/types\/post"}],"author":[{"embeddable":true,"href":"https:\/\/www.culture.gouv.sn\/index.php\/wp-json\/wp\/v2\/users\/1"}],"replies":[{"embeddable":true,"href":"https:\/\/www.culture.gouv.sn\/index.php\/wp-json\/wp\/v2\/comments?post=11764"}],"version-history":[{"count":1,"href":"https:\/\/www.culture.gouv.sn\/index.php\/wp-json\/wp\/v2\/posts\/11764\/revisions"}],"predecessor-version":[{"id":11766,"href":"https:\/\/www.culture.gouv.sn\/index.php\/wp-json\/wp\/v2\/posts\/11764\/revisions\/11766"}],"wp:featuredmedia":[{"embeddable":true,"href":"https:\/\/www.culture.gouv.sn\/index.php\/wp-json\/wp\/v2\/media\/11769"}],"wp:attachment":[{"href":"https:\/\/www.culture.gouv.sn\/index.php\/wp-json\/wp\/v2\/media?parent=11764"}],"wp:term":[{"taxonomy":"category","embeddable":true,"href":"https:\/\/www.culture.gouv.sn\/index.php\/wp-json\/wp\/v2\/categories?post=11764"},{"taxonomy":"post_tag","embeddable":true,"href":"https:\/\/www.culture.gouv.sn\/index.php\/wp-json\/wp\/v2\/tags?post=11764"}],"curies":[{"name":"wp","href":"https:\/\/api.w.org\/{rel}","templated":true}]}}