{"id":11786,"date":"2022-05-03T15:21:10","date_gmt":"2022-05-03T15:21:10","guid":{"rendered":"http:\/\/www.culture.gouv.sn\/?p=11786"},"modified":"2022-05-03T15:28:06","modified_gmt":"2022-05-03T15:28:06","slug":"les-msad-au-coeur-de-dakart-2022","status":"publish","type":"post","link":"https:\/\/www.culture.gouv.sn\/index.php\/2022\/05\/03\/les-msad-au-coeur-de-dakart-2022\/","title":{"rendered":"Les MSAD au c\u0153ur de DAK\u2019ART 2022"},"content":{"rendered":"<div id=\"pl-11786\"  class=\"panel-layout\" ><div id=\"pg-11786-0\"  class=\"panel-grid panel-no-style\" ><div id=\"pgc-11786-0-0\"  class=\"panel-grid-cell\" ><div id=\"panel-11786-0-0-0\" class=\"so-panel widget widget_text panel-first-child panel-last-child\" data-index=\"0\" ><h3 class=\"widget-title\">Les MSAD au c\u0153ur de DAK\u2019ART 2022<\/h3>\t\t\t<div class=\"textwidget\"><p style=\"font-weight: 400;\">Apr\u00e8s l\u2019organisation, en 2018 de la 13<sup>\u00e8me<\/sup>\u00a0\u00e9dition de Biennale Dak\u2019Art 2018 par une exposition \u00ab<strong>\u00a0r\u00e9trospective\u00a0<em>off\u00a0<\/em><\/strong>\u00bb avec les grands maitres de la tapisserie s\u00e9n\u00e9galaise,\u00a0 les Manufactures s\u00e9n\u00e9galaises des Arts d\u00e9coratifs de Thi\u00e8s accueillent le \u00ab<strong><em>\u00a0IN<\/em><\/strong>\u00a0\u00bb de la\u00a0<strong>14<sup>\u00e8me<\/sup>\u00a0Biennale<\/strong>\u00a0de l\u2019Art Africain Contemporain\u00a0<strong>Dak\u2019Art 2022<\/strong>.<\/p>\n<p style=\"font-weight: 400;\"><strong><u>Durant la p\u00e9riode du 19 mai au 21 juin 2022\u00a0<\/u><\/strong><\/p>\n<p style=\"font-weight: 400;\"><strong><u>Programme du \u00ab\u00a0<em>IN<\/em>\u00a0\u00bb \u00e0 Thi\u00e8s:<\/u><\/strong><\/p>\n<ul>\n<li style=\"font-weight: 400;\">exposition-vente de tapisseries et de produits d\u00e9riv\u00e9s (c\u00e9ramique, batik)\u00a0;<\/li>\n<li style=\"font-weight: 400;\">exposition des \u0153uvres des artistes agents de MSAD\u00a0;<\/li>\n<li style=\"font-weight: 400;\">caravanes et visites guid\u00e9es\u00a0;<\/li>\n<li style=\"font-weight: 400;\">ateliers de cr\u00e9ation en batik et en c\u00e9ramique\u00a0;<\/li>\n<li style=\"font-weight: 400;\">journ\u00e9es portes ouvertes\u00a0pour les institutions scolaires et universitaires ;<\/li>\n<li style=\"font-weight: 400;\">lancement d\u2019un concours artistique pour la s\u00e9lection de maquettes \u00e0 transformer en tapisseries.<\/li>\n<li style=\"font-weight: 400;\"><strong>conf\u00e9rences sur l\u2019art\u00a0 s\u00e9n\u00e9galais en lien avec les MSAD<\/strong><strong>:<\/strong><\/li>\n<\/ul>\n<p style=\"font-weight: 400;\"><strong><u>\u00a0<\/u><\/strong><\/p>\n<p style=\"font-weight: 400;\"><strong><u>Vendredi 20 mai 2022 \u00e0 10H 00<\/u><\/strong><\/p>\n<p style=\"font-weight: 400;\">\u00a0 <strong><u>Th\u00e8me 1<\/u><\/strong>\u00a0: Cr\u00e9ation, place et r\u00f4le des MSAD dans la politique culturelle du\u00a0<strong>Pr\u00e9sident L\u00e9opold S\u00e9dar SENGHOR<\/strong>, par\u00a0<strong>Hamidou SALL<\/strong>, \u00c9crivain et Philosophe,<\/p>\n<p>&nbsp;<\/p>\n<p style=\"font-weight: 400;\"><strong><u>Vendredi 27 mai 2022 \u00e0 10 H 00<\/u><\/strong><\/p>\n<p style=\"font-weight: 400;\">\u00a0 <u style=\"font-weight: bold;\">Th\u00e8me 2<\/u><strong style=\"font-weight: 400;\">\u00a0: Papa Ibra TALL<\/strong>\u00a0: le Ma\u00eetre du trait,\u00a0par\u00a0<strong style=\"font-weight: 400;\">Alioune BADIANE<\/strong>, ancien Directeur G\u00e9n\u00e9ral des MSAD,<\/p>\n<p>&nbsp;<\/p>\n<p style=\"font-weight: 400;\"><strong><u>Vendredi 10 juin 2022 \u00e0 10 H 00<\/u><\/strong><\/p>\n<p style=\"font-weight: 400;\">\u00a0 \u00a0<strong><u>Th\u00e8me 3<\/u><\/strong>\u00a0: Un Mus\u00e9e des Arts d\u00e9coratifs\u00a0: enjeux et perspectives, par\u00a0<strong>Pape Mass\u00e8ne SENE,<\/strong>\u00a0Docteur \u00e8s lettres en s\u00e9miologie,<\/p>\n<p style=\"font-weight: 400;\">\u00a0 <strong>\u00a0<\/strong><\/p>\n<p style=\"font-weight: 400;\"><strong><u>Vendredi 17 juin 2022 \u00e0 10 H 00<\/u><\/strong><\/p>\n<p style=\"font-weight: 400;\">\u00a0 <strong><u>Th\u00e8me 4<\/u><\/strong>\u00a0: L\u2019Art s\u00e9n\u00e9galais contemporain\u00a0: l\u2019Ecole de Dakar et suites, par\u00a0<strong>Docteur Massamba MBAYE<\/strong>, critique d\u2019art,<\/p>\n<p style=\"font-weight: 400;\">\n<p style=\"font-weight: 400;\"><strong><u>Mardi 21 juin 2022 \u00e0 11 H 00<\/u><\/strong><\/p>\n<p style=\"font-weight: 400;\">\u00a0 <strong><u>Th\u00e8me 5<\/u><\/strong>\u00a0: Communication\u00a0: \u00ab\u00a0<strong>Autour de l\u2019art<\/strong>\u00a0\u00bb, par l\u2019artiste-peintre doyen,\u00a0<strong>Baba NDIAYE<\/strong>.<\/p>\n<p style=\"font-weight: 400;\">Les MSAD apportent ainsi leur contribution \u00e0 l\u2019offre culturelle et touristique au S\u00e9n\u00e9gal \u00e0 \u00a0travers l\u2019organisation du \u00ab\u00a0IN\u00a0\u00bb du Dak\u2019Art 2022 \u00e0 Thi\u00e8s.<\/p>\n<\/div>\n\t\t<\/div><\/div><\/div><\/div>","protected":false},"excerpt":{"rendered":"<p>Apr\u00e8s l\u2019organisation, en 2018 de la 13\u00e8me\u00a0\u00e9dition de Biennale Dak\u2019Art 2018 par une exposition \u00ab\u00a0r\u00e9trospective\u00a0off\u00a0\u00bb avec les grands maitres de la tapisserie s\u00e9n\u00e9galaise,\u00a0 les Manufactures s\u00e9n\u00e9galaises des Arts d\u00e9coratifs de Thi\u00e8s accueillent le \u00ab\u00a0IN\u00a0\u00bb de la\u00a014\u00e8me\u00a0Biennale\u00a0de l\u2019Art Africain Contemporain\u00a0Dak\u2019Art 2022. Durant la p\u00e9riode du 19 mai au 21 juin 2022\u00a0 Programme du \u00ab\u00a0IN\u00a0\u00bb \u00e0 Thi\u00e8s: [&hellip;]<\/p>\n","protected":false},"author":1,"featured_media":11790,"comment_status":"open","ping_status":"open","sticky":false,"template":"","format":"standard","meta":{"ngg_post_thumbnail":0},"categories":[2],"tags":[],"_links":{"self":[{"href":"https:\/\/www.culture.gouv.sn\/index.php\/wp-json\/wp\/v2\/posts\/11786"}],"collection":[{"href":"https:\/\/www.culture.gouv.sn\/index.php\/wp-json\/wp\/v2\/posts"}],"about":[{"href":"https:\/\/www.culture.gouv.sn\/index.php\/wp-json\/wp\/v2\/types\/post"}],"author":[{"embeddable":true,"href":"https:\/\/www.culture.gouv.sn\/index.php\/wp-json\/wp\/v2\/users\/1"}],"replies":[{"embeddable":true,"href":"https:\/\/www.culture.gouv.sn\/index.php\/wp-json\/wp\/v2\/comments?post=11786"}],"version-history":[{"count":1,"href":"https:\/\/www.culture.gouv.sn\/index.php\/wp-json\/wp\/v2\/posts\/11786\/revisions"}],"predecessor-version":[{"id":11788,"href":"https:\/\/www.culture.gouv.sn\/index.php\/wp-json\/wp\/v2\/posts\/11786\/revisions\/11788"}],"wp:featuredmedia":[{"embeddable":true,"href":"https:\/\/www.culture.gouv.sn\/index.php\/wp-json\/wp\/v2\/media\/11790"}],"wp:attachment":[{"href":"https:\/\/www.culture.gouv.sn\/index.php\/wp-json\/wp\/v2\/media?parent=11786"}],"wp:term":[{"taxonomy":"category","embeddable":true,"href":"https:\/\/www.culture.gouv.sn\/index.php\/wp-json\/wp\/v2\/categories?post=11786"},{"taxonomy":"post_tag","embeddable":true,"href":"https:\/\/www.culture.gouv.sn\/index.php\/wp-json\/wp\/v2\/tags?post=11786"}],"curies":[{"name":"wp","href":"https:\/\/api.w.org\/{rel}","templated":true}]}}