{"id":11834,"date":"2022-06-07T16:26:32","date_gmt":"2022-06-07T16:26:32","guid":{"rendered":"http:\/\/www.culture.gouv.sn\/?p=11834"},"modified":"2022-06-07T16:41:25","modified_gmt":"2022-06-07T16:41:25","slug":"salon-international-du-livre-de-rabat-le-senegal-invite-dhonneur","status":"publish","type":"post","link":"https:\/\/www.culture.gouv.sn\/index.php\/2022\/06\/07\/salon-international-du-livre-de-rabat-le-senegal-invite-dhonneur\/","title":{"rendered":"Salon international du livre de Rabat: Le S\u00e9n\u00e9gal invit\u00e9 d&rsquo;honneur"},"content":{"rendered":"<div id=\"pl-11834\"  class=\"panel-layout\" ><div id=\"pg-11834-0\"  class=\"panel-grid panel-no-style\" ><div id=\"pgc-11834-0-0\"  class=\"panel-grid-cell\" ><div id=\"panel-11834-0-0-0\" class=\"so-panel widget widget_text panel-first-child panel-last-child\" data-index=\"0\" ><h3 class=\"widget-title\">Salon international du livre de Rabat: Le S\u00e9n\u00e9gal invit\u00e9 d&rsquo;honneur<\/h3>\t\t\t<div class=\"textwidget\"><div dir=\"auto\">Pr\u00e9sent au Maroc pour repr\u00e9senter son Excellence Monsieur Macky Sall, PR, invit\u00e9 d&rsquo;honneur de la 24\u00e8me \u00e9dition du Salon international de l&rsquo;\u00e9dition et du livre de Rabat, M. Abdoulaye Diop, ministre de la Culture et de la Communication, a \u00e9t\u00e9 re\u00e7u en audience par Dr. Salem Bin Mohammed Al-Malik, Directeur g\u00e9n\u00e9ral de l&rsquo;ISESCO, pour discuter des axes de coop\u00e9ration culturelle entre l&rsquo;ISESCO et le S\u00e9n\u00e9gal.<\/div>\n<div dir=\"auto\">Ils ont pass\u00e9 en revue les activit\u00e9s et programmes en cours puis ont manifest\u00e9 leur volont\u00e9 de renforcer la coop\u00e9ration dans le domaine de la preseveration du Patrimoine. Il s&rsquo;agit de travailler sur l&rsquo;inscription de sites historiques mais aussi sur des \u00e9l\u00e9ments culturels s\u00e9n\u00e9galais sur les listes du patrimoine dans le domaine islamique de l&rsquo;Isesco. Il s&rsquo;y ajoute d&rsquo;autres programmes notamment programmes celui du soutien et de renforcement des capacit\u00e9s des jeunes dans le domaine du Leadership pour la Paix et la S\u00e9curit\u00e9.<\/div>\n<\/div>\n\t\t<\/div><\/div><\/div><\/div>","protected":false},"excerpt":{"rendered":"<p>Pr\u00e9sent au Maroc pour repr\u00e9senter son Excellence Monsieur Macky Sall, PR, invit\u00e9 d&rsquo;honneur de la 24\u00e8me \u00e9dition du Salon international de l&rsquo;\u00e9dition et du livre de Rabat, M. Abdoulaye Diop, ministre de la Culture et de la Communication, a \u00e9t\u00e9 re\u00e7u en audience par Dr. Salem Bin Mohammed Al-Malik, Directeur g\u00e9n\u00e9ral de l&rsquo;ISESCO, pour discuter [&hellip;]<\/p>\n","protected":false},"author":1,"featured_media":11839,"comment_status":"open","ping_status":"open","sticky":false,"template":"","format":"standard","meta":{"ngg_post_thumbnail":0},"categories":[2],"tags":[],"_links":{"self":[{"href":"https:\/\/www.culture.gouv.sn\/index.php\/wp-json\/wp\/v2\/posts\/11834"}],"collection":[{"href":"https:\/\/www.culture.gouv.sn\/index.php\/wp-json\/wp\/v2\/posts"}],"about":[{"href":"https:\/\/www.culture.gouv.sn\/index.php\/wp-json\/wp\/v2\/types\/post"}],"author":[{"embeddable":true,"href":"https:\/\/www.culture.gouv.sn\/index.php\/wp-json\/wp\/v2\/users\/1"}],"replies":[{"embeddable":true,"href":"https:\/\/www.culture.gouv.sn\/index.php\/wp-json\/wp\/v2\/comments?post=11834"}],"version-history":[{"count":1,"href":"https:\/\/www.culture.gouv.sn\/index.php\/wp-json\/wp\/v2\/posts\/11834\/revisions"}],"predecessor-version":[{"id":11841,"href":"https:\/\/www.culture.gouv.sn\/index.php\/wp-json\/wp\/v2\/posts\/11834\/revisions\/11841"}],"wp:featuredmedia":[{"embeddable":true,"href":"https:\/\/www.culture.gouv.sn\/index.php\/wp-json\/wp\/v2\/media\/11839"}],"wp:attachment":[{"href":"https:\/\/www.culture.gouv.sn\/index.php\/wp-json\/wp\/v2\/media?parent=11834"}],"wp:term":[{"taxonomy":"category","embeddable":true,"href":"https:\/\/www.culture.gouv.sn\/index.php\/wp-json\/wp\/v2\/categories?post=11834"},{"taxonomy":"post_tag","embeddable":true,"href":"https:\/\/www.culture.gouv.sn\/index.php\/wp-json\/wp\/v2\/tags?post=11834"}],"curies":[{"name":"wp","href":"https:\/\/api.w.org\/{rel}","templated":true}]}}