{"id":11843,"date":"2022-06-08T18:19:50","date_gmt":"2022-06-08T18:19:50","guid":{"rendered":"http:\/\/www.culture.gouv.sn\/?p=11843"},"modified":"2022-06-08T18:19:50","modified_gmt":"2022-06-08T18:19:50","slug":"la-rts-aura-sa-tour-dans-18-mois","status":"publish","type":"post","link":"https:\/\/www.culture.gouv.sn\/index.php\/2022\/06\/08\/la-rts-aura-sa-tour-dans-18-mois\/","title":{"rendered":"La RTS aura sa TOUR dans 18 mois"},"content":{"rendered":"<div id=\"pl-11843\"  class=\"panel-layout\" ><div id=\"pg-11843-0\"  class=\"panel-grid panel-no-style\" ><div id=\"pgc-11843-0-0\"  class=\"panel-grid-cell\" ><div id=\"panel-11843-0-0-0\" class=\"so-panel widget widget_text panel-first-child panel-last-child\" data-index=\"0\" ><h3 class=\"widget-title\">La RTS aura sa TOUR dans 18 mois<\/h3>\t\t\t<div class=\"textwidget\"><p style=\"font-weight: 400;\">C\u2019est une nouvelle \u00e8re qui va s\u2019ouvrir pour la RTS et l\u2019audiovisuel public avec la pose ce mardi 7 juin 2022 de la premi\u00e8re pierre de la Tour RTS.<\/p>\n<p style=\"font-weight: 400;\">Une c\u00e9r\u00e9monie, riche en couleurs, pr\u00e9sid\u00e9e par Son Excellence Macky Sall, Pr\u00e9sident de la R\u00e9publique en pr\u00e9sence du ministre de la Culture et de la Communication, Abdoulaye Diop et du directeur g\u00e9n\u00e9ral, Racine Talla.<\/p>\n<p style=\"font-weight: 400;\">La\u00a0<em>Tour\u00a0<\/em>RTS, estim\u00e9e \u00e0 33 milliards de F CFA, sera une infrastructure moderne de 10 \u00e9tages, b\u00e2tie sur une superficie de 2615 m\u00e8tres carr\u00e9s pour une dur\u00e9e des travaux de 18 mois.<\/p>\n<p style=\"font-weight: 400;\">Le Chef de l\u2019Etat a r\u00e9it\u00e9r\u00e9 l\u2019engagement du Gouvernement d\u2019accompagner cet important projet de la RTS.<\/p>\n<\/div>\n\t\t<\/div><\/div><\/div><\/div>","protected":false},"excerpt":{"rendered":"<p>C\u2019est une nouvelle \u00e8re qui va s\u2019ouvrir pour la RTS et l\u2019audiovisuel public avec la pose ce mardi 7 juin 2022 de la premi\u00e8re pierre de la Tour RTS. Une c\u00e9r\u00e9monie, riche en couleurs, pr\u00e9sid\u00e9e par Son Excellence Macky Sall, Pr\u00e9sident de la R\u00e9publique en pr\u00e9sence du ministre de la Culture et de la Communication, [&hellip;]<\/p>\n","protected":false},"author":1,"featured_media":11845,"comment_status":"open","ping_status":"open","sticky":false,"template":"","format":"standard","meta":{"ngg_post_thumbnail":0},"categories":[2],"tags":[],"_links":{"self":[{"href":"https:\/\/www.culture.gouv.sn\/index.php\/wp-json\/wp\/v2\/posts\/11843"}],"collection":[{"href":"https:\/\/www.culture.gouv.sn\/index.php\/wp-json\/wp\/v2\/posts"}],"about":[{"href":"https:\/\/www.culture.gouv.sn\/index.php\/wp-json\/wp\/v2\/types\/post"}],"author":[{"embeddable":true,"href":"https:\/\/www.culture.gouv.sn\/index.php\/wp-json\/wp\/v2\/users\/1"}],"replies":[{"embeddable":true,"href":"https:\/\/www.culture.gouv.sn\/index.php\/wp-json\/wp\/v2\/comments?post=11843"}],"version-history":[{"count":1,"href":"https:\/\/www.culture.gouv.sn\/index.php\/wp-json\/wp\/v2\/posts\/11843\/revisions"}],"predecessor-version":[{"id":11846,"href":"https:\/\/www.culture.gouv.sn\/index.php\/wp-json\/wp\/v2\/posts\/11843\/revisions\/11846"}],"wp:featuredmedia":[{"embeddable":true,"href":"https:\/\/www.culture.gouv.sn\/index.php\/wp-json\/wp\/v2\/media\/11845"}],"wp:attachment":[{"href":"https:\/\/www.culture.gouv.sn\/index.php\/wp-json\/wp\/v2\/media?parent=11843"}],"wp:term":[{"taxonomy":"category","embeddable":true,"href":"https:\/\/www.culture.gouv.sn\/index.php\/wp-json\/wp\/v2\/categories?post=11843"},{"taxonomy":"post_tag","embeddable":true,"href":"https:\/\/www.culture.gouv.sn\/index.php\/wp-json\/wp\/v2\/tags?post=11843"}],"curies":[{"name":"wp","href":"https:\/\/api.w.org\/{rel}","templated":true}]}}