{"id":11850,"date":"2022-06-27T01:33:19","date_gmt":"2022-06-27T01:33:19","guid":{"rendered":"http:\/\/www.culture.gouv.sn\/?p=11850"},"modified":"2022-06-27T01:33:19","modified_gmt":"2022-06-27T01:33:19","slug":"plan-de-rehabilitation-de-goree-le-chef-de-letat-pour-des-mesures-urgentes-de-preservation-de-lile","status":"publish","type":"post","link":"https:\/\/www.culture.gouv.sn\/index.php\/2022\/06\/27\/plan-de-rehabilitation-de-goree-le-chef-de-letat-pour-des-mesures-urgentes-de-preservation-de-lile\/","title":{"rendered":"Plan de r\u00e9habilitation de Gor\u00e9e: Le Chef de l\u2019Etat pour des mesures urgentes de pr\u00e9servation de l\u2019\u00eele"},"content":{"rendered":"<div id=\"pl-11850\"  class=\"panel-layout\" ><div id=\"pg-11850-0\"  class=\"panel-grid panel-no-style\" ><div id=\"pgc-11850-0-0\"  class=\"panel-grid-cell\" ><div id=\"panel-11850-0-0-0\" class=\"so-panel widget widget_text panel-first-child panel-last-child\" data-index=\"0\" ><h3 class=\"widget-title\">Plan de r\u00e9habilitation de Gor\u00e9e: Le Chef de l\u2019Etat pour des mesures urgentes de pr\u00e9servation de l\u2019\u00eele<\/h3>\t\t\t<div class=\"textwidget\"><p style=\"font-weight: 400;\">L\u2019\u00eele m\u00e9moire de Gor\u00e9e notamment la protection et la sauvegarde de son patrimoine historique class\u00e9, reste une grande pr\u00e9occupation du Pr\u00e9sident de la R\u00e9publique, Macky Sall. Le Chef de l\u2019Etat a \u00e9voqu\u00e9 la question ce mercredi 08 juin 2022 au cours de la r\u00e9union hebdomadaire du Conseil des Ministres.<\/p>\n<p style=\"font-weight: 400;\">En effet, le Pr\u00e9sident de la R\u00e9publique a insist\u00e9 sur<strong>\u00a0<\/strong>\u00a0la pr\u00e9servation du patrimoine historique class\u00e9 et du cadre de vie de l\u2019\u00eele de Gor\u00e9e.<\/p>\n<p style=\"font-weight: 400;\">Pour ce faire, \u00a0le Chef de l\u2019Etat a demand\u00e9 au Ministre de l\u2019Int\u00e9rieur, au Ministre en charge des Collectivit\u00e9s territoriales et au Ministre en charge de la Culture, d\u2019engager avec les autorit\u00e9s municipales, le recensement, sur l\u2019\u00eele, de l\u2019ensemble des b\u00e2timents mena\u00e7ant\u00a0ruine et de prendre toutes les mesures urgentes, n\u00e9cessaires \u00e0 l\u2019ex\u00e9cution du plan de r\u00e9habilitation du patrimoine de Gor\u00e9e (\u00e0 l\u2019image du projet r\u00e9alis\u00e9 \u00e0 Saint Louis).<\/p>\n<\/div>\n\t\t<\/div><\/div><\/div><\/div>","protected":false},"excerpt":{"rendered":"<p>L\u2019\u00eele m\u00e9moire de Gor\u00e9e notamment la protection et la sauvegarde de son patrimoine historique class\u00e9, reste une grande pr\u00e9occupation du Pr\u00e9sident de la R\u00e9publique, Macky Sall. Le Chef de l\u2019Etat a \u00e9voqu\u00e9 la question ce mercredi 08 juin 2022 au cours de la r\u00e9union hebdomadaire du Conseil des Ministres. En effet, le Pr\u00e9sident de la [&hellip;]<\/p>\n","protected":false},"author":1,"featured_media":11852,"comment_status":"open","ping_status":"open","sticky":false,"template":"","format":"standard","meta":{"ngg_post_thumbnail":0},"categories":[2],"tags":[],"_links":{"self":[{"href":"https:\/\/www.culture.gouv.sn\/index.php\/wp-json\/wp\/v2\/posts\/11850"}],"collection":[{"href":"https:\/\/www.culture.gouv.sn\/index.php\/wp-json\/wp\/v2\/posts"}],"about":[{"href":"https:\/\/www.culture.gouv.sn\/index.php\/wp-json\/wp\/v2\/types\/post"}],"author":[{"embeddable":true,"href":"https:\/\/www.culture.gouv.sn\/index.php\/wp-json\/wp\/v2\/users\/1"}],"replies":[{"embeddable":true,"href":"https:\/\/www.culture.gouv.sn\/index.php\/wp-json\/wp\/v2\/comments?post=11850"}],"version-history":[{"count":1,"href":"https:\/\/www.culture.gouv.sn\/index.php\/wp-json\/wp\/v2\/posts\/11850\/revisions"}],"predecessor-version":[{"id":11853,"href":"https:\/\/www.culture.gouv.sn\/index.php\/wp-json\/wp\/v2\/posts\/11850\/revisions\/11853"}],"wp:featuredmedia":[{"embeddable":true,"href":"https:\/\/www.culture.gouv.sn\/index.php\/wp-json\/wp\/v2\/media\/11852"}],"wp:attachment":[{"href":"https:\/\/www.culture.gouv.sn\/index.php\/wp-json\/wp\/v2\/media?parent=11850"}],"wp:term":[{"taxonomy":"category","embeddable":true,"href":"https:\/\/www.culture.gouv.sn\/index.php\/wp-json\/wp\/v2\/categories?post=11850"},{"taxonomy":"post_tag","embeddable":true,"href":"https:\/\/www.culture.gouv.sn\/index.php\/wp-json\/wp\/v2\/tags?post=11850"}],"curies":[{"name":"wp","href":"https:\/\/api.w.org\/{rel}","templated":true}]}}