{"id":11989,"date":"2022-09-26T18:36:52","date_gmt":"2022-09-26T18:36:52","guid":{"rendered":"http:\/\/www.culture.gouv.sn\/?p=11989"},"modified":"2022-09-26T18:36:52","modified_gmt":"2022-09-26T18:36:52","slug":"an-20-du-naufrage-du-joola-prieres-et-recueillement-pour-les-victimes","status":"publish","type":"post","link":"https:\/\/www.culture.gouv.sn\/index.php\/2022\/09\/26\/an-20-du-naufrage-du-joola-prieres-et-recueillement-pour-les-victimes\/","title":{"rendered":"An 20 du naufrage du Joola: Pri\u00e8res et recueillement pour les victimes"},"content":{"rendered":"<div id=\"pl-11989\"  class=\"panel-layout\" ><div id=\"pg-11989-0\"  class=\"panel-grid panel-no-style\" ><div id=\"pgc-11989-0-0\"  class=\"panel-grid-cell\" ><div id=\"panel-11989-0-0-0\" class=\"so-panel widget widget_text panel-first-child panel-last-child\" data-index=\"0\" ><h3 class=\"widget-title\">An 20 du naufrage du Joola: Pri\u00e8res et recueillement pour les victimes<\/h3>\t\t\t<div class=\"textwidget\"><p>Le ministre de la Culture et du Patrimoine Historique, Aliou SOW a pris\u00a0part ce lundi 26 septembre 2022 \u00e0 la c\u00e9r\u00e9monie officielle de\u00a0comm\u00e9moration du 20 \u00e8me anniversaire du naufrage du bateau Le Joola.<\/p>\n<p>A la t\u00eate de la d\u00e9l\u00e9gation officielle, le ministre des Forces Arm\u00e9es, Ma\u00eetre<br \/>\nSidiki Kaba, s\u2019est rendu au cimeti\u00e8re de Kant\u00e8ne o\u00f9 des pri\u00e8res sont dites\u00a0en la m\u00e9moire des disparus en pr\u00e9sence des autorit\u00e9s religieuses<br \/>\nmusulmanes et catholiques.<br \/>\nLe ministre des Forces Arm\u00e9es a rappel\u00e9 les r\u00e9alisations du\u00a0Gouvernement pour d\u00e9senclaver la Casamance avec \u00ab d\u2019importants<br \/>\nprogrammes de d\u00e9veloppement qui ont fini d\u2019apporter aux populations<br \/>\nun r\u00e9confort et de l\u2019espoir de meilleures conditions de vie \u00bb.\u00a0La d\u00e9l\u00e9gation a saisi l\u2019occasion pour visiter le chantier du m\u00e9morial-<br \/>\nmus\u00e9e Le Joola actuellement en construction \u00e0 Ziguinchor.<\/p>\n<\/div>\n\t\t<\/div><\/div><\/div><\/div>","protected":false},"excerpt":{"rendered":"<p>Le ministre de la Culture et du Patrimoine Historique, Aliou SOW a pris\u00a0part ce lundi 26 septembre 2022 \u00e0 la c\u00e9r\u00e9monie officielle de\u00a0comm\u00e9moration du 20 \u00e8me anniversaire du naufrage du bateau Le Joola. A la t\u00eate de la d\u00e9l\u00e9gation officielle, le ministre des Forces Arm\u00e9es, Ma\u00eetre Sidiki Kaba, s\u2019est rendu au cimeti\u00e8re de Kant\u00e8ne o\u00f9 [&hellip;]<\/p>\n","protected":false},"author":1,"featured_media":11990,"comment_status":"open","ping_status":"open","sticky":false,"template":"","format":"standard","meta":{"ngg_post_thumbnail":0},"categories":[2],"tags":[],"_links":{"self":[{"href":"https:\/\/www.culture.gouv.sn\/index.php\/wp-json\/wp\/v2\/posts\/11989"}],"collection":[{"href":"https:\/\/www.culture.gouv.sn\/index.php\/wp-json\/wp\/v2\/posts"}],"about":[{"href":"https:\/\/www.culture.gouv.sn\/index.php\/wp-json\/wp\/v2\/types\/post"}],"author":[{"embeddable":true,"href":"https:\/\/www.culture.gouv.sn\/index.php\/wp-json\/wp\/v2\/users\/1"}],"replies":[{"embeddable":true,"href":"https:\/\/www.culture.gouv.sn\/index.php\/wp-json\/wp\/v2\/comments?post=11989"}],"version-history":[{"count":1,"href":"https:\/\/www.culture.gouv.sn\/index.php\/wp-json\/wp\/v2\/posts\/11989\/revisions"}],"predecessor-version":[{"id":11991,"href":"https:\/\/www.culture.gouv.sn\/index.php\/wp-json\/wp\/v2\/posts\/11989\/revisions\/11991"}],"wp:featuredmedia":[{"embeddable":true,"href":"https:\/\/www.culture.gouv.sn\/index.php\/wp-json\/wp\/v2\/media\/11990"}],"wp:attachment":[{"href":"https:\/\/www.culture.gouv.sn\/index.php\/wp-json\/wp\/v2\/media?parent=11989"}],"wp:term":[{"taxonomy":"category","embeddable":true,"href":"https:\/\/www.culture.gouv.sn\/index.php\/wp-json\/wp\/v2\/categories?post=11989"},{"taxonomy":"post_tag","embeddable":true,"href":"https:\/\/www.culture.gouv.sn\/index.php\/wp-json\/wp\/v2\/tags?post=11989"}],"curies":[{"name":"wp","href":"https:\/\/api.w.org\/{rel}","templated":true}]}}