{"id":11993,"date":"2022-10-03T11:29:43","date_gmt":"2022-10-03T11:29:43","guid":{"rendered":"http:\/\/www.culture.gouv.sn\/?p=11993"},"modified":"2022-10-03T11:29:43","modified_gmt":"2022-10-03T11:29:43","slug":"deces-de-amadou-diallo-dit-willy-aliou-sow-presente-ses-condoleances","status":"publish","type":"post","link":"https:\/\/www.culture.gouv.sn\/index.php\/2022\/10\/03\/deces-de-amadou-diallo-dit-willy-aliou-sow-presente-ses-condoleances\/","title":{"rendered":"D\u00e9c\u00e8s de Amadou Diallo dit Willy: Aliou Sow pr\u00e9sente ses condol\u00e9ances"},"content":{"rendered":"<div id=\"pl-11993\"  class=\"panel-layout\" ><div id=\"pg-11993-0\"  class=\"panel-grid panel-no-style\" ><div id=\"pgc-11993-0-0\"  class=\"panel-grid-cell\" ><div id=\"panel-11993-0-0-0\" class=\"so-panel widget widget_text panel-first-child panel-last-child\" data-index=\"0\" ><h3 class=\"widget-title\">D\u00e9c\u00e8s de Amadou Diallo dit Willy: Aliou Sow pr\u00e9sente ses condol\u00e9ances<\/h3>\t\t\t<div class=\"textwidget\"><div dir=\"auto\">Au nom du Pr\u00e9sident de la R\u00e9publique, le ministre de la Culture et du Patrimoine historique s&rsquo;est rendu ce dimanche 2 octobre \u00e0 Goudomp au domicile de feu Amadou Diallo dit Willy, d\u00e9c\u00e9d\u00e9 il y a quelques jours.<\/div>\n<div dir=\"auto\">Le maire de Goudomp qui a re\u00e7u le ministre et sa d\u00e9l\u00e9gation a salu\u00e9 le talent de l&rsquo;artiste tr\u00e8s connu dans la zone et la sous r\u00e9gion.<\/div>\n<div dir=\"auto\">Il a magnifi\u00e9 cette marque de reconnaissance du ministre \u00e0 l&rsquo;endroit de la population de Goudomp.<\/div>\n<div dir=\"auto\">Le ministre Aliou Sow a formul\u00e9 des pri\u00e8res pour le repos de l&rsquo;\u00e2me du d\u00e9funt\u00a0au nom du Chef de l&rsquo;Etat Protecteur des arts. Le ministre a indiqu\u00e9 que son r\u00f4le \u00e9tait de venir personnellement compatir \u00e0 la douleur qui frappe la famille et les populations de Goudomp. Selon lui, Billy a v\u00e9cu utilement en faisant la promotion de la Culture de son terroir et de sa nation.<\/div>\n<div dir=\"auto\">Aliou Sow a offert une bourse a\u00a0de formation \u00e0 Boy Jules un des jeunes artistes bin\u00f4me du d\u00e9funt Willy\u00a0 pour sa formation universitaire.<\/div>\n<\/div>\n\t\t<\/div><\/div><\/div><\/div>","protected":false},"excerpt":{"rendered":"<p>Au nom du Pr\u00e9sident de la R\u00e9publique, le ministre de la Culture et du Patrimoine historique s&rsquo;est rendu ce dimanche 2 octobre \u00e0 Goudomp au domicile de feu Amadou Diallo dit Willy, d\u00e9c\u00e9d\u00e9 il y a quelques jours. Le maire de Goudomp qui a re\u00e7u le ministre et sa d\u00e9l\u00e9gation a salu\u00e9 le talent de [&hellip;]<\/p>\n","protected":false},"author":1,"featured_media":11994,"comment_status":"open","ping_status":"open","sticky":false,"template":"","format":"standard","meta":{"ngg_post_thumbnail":0},"categories":[2],"tags":[],"_links":{"self":[{"href":"https:\/\/www.culture.gouv.sn\/index.php\/wp-json\/wp\/v2\/posts\/11993"}],"collection":[{"href":"https:\/\/www.culture.gouv.sn\/index.php\/wp-json\/wp\/v2\/posts"}],"about":[{"href":"https:\/\/www.culture.gouv.sn\/index.php\/wp-json\/wp\/v2\/types\/post"}],"author":[{"embeddable":true,"href":"https:\/\/www.culture.gouv.sn\/index.php\/wp-json\/wp\/v2\/users\/1"}],"replies":[{"embeddable":true,"href":"https:\/\/www.culture.gouv.sn\/index.php\/wp-json\/wp\/v2\/comments?post=11993"}],"version-history":[{"count":1,"href":"https:\/\/www.culture.gouv.sn\/index.php\/wp-json\/wp\/v2\/posts\/11993\/revisions"}],"predecessor-version":[{"id":11995,"href":"https:\/\/www.culture.gouv.sn\/index.php\/wp-json\/wp\/v2\/posts\/11993\/revisions\/11995"}],"wp:featuredmedia":[{"embeddable":true,"href":"https:\/\/www.culture.gouv.sn\/index.php\/wp-json\/wp\/v2\/media\/11994"}],"wp:attachment":[{"href":"https:\/\/www.culture.gouv.sn\/index.php\/wp-json\/wp\/v2\/media?parent=11993"}],"wp:term":[{"taxonomy":"category","embeddable":true,"href":"https:\/\/www.culture.gouv.sn\/index.php\/wp-json\/wp\/v2\/categories?post=11993"},{"taxonomy":"post_tag","embeddable":true,"href":"https:\/\/www.culture.gouv.sn\/index.php\/wp-json\/wp\/v2\/tags?post=11993"}],"curies":[{"name":"wp","href":"https:\/\/api.w.org\/{rel}","templated":true}]}}