{"id":11999,"date":"2022-10-03T14:46:22","date_gmt":"2022-10-03T14:46:22","guid":{"rendered":"http:\/\/www.culture.gouv.sn\/?p=11999"},"modified":"2022-10-03T15:06:51","modified_gmt":"2022-10-03T15:06:51","slug":"fete-du-roi-a-oussouye-letat-va-accompagner-pour-preserver-le-riche-patrimoine-culturel","status":"publish","type":"post","link":"https:\/\/www.culture.gouv.sn\/index.php\/2022\/10\/03\/fete-du-roi-a-oussouye-letat-va-accompagner-pour-preserver-le-riche-patrimoine-culturel\/","title":{"rendered":"F\u00eate du Roi \u00e0 Oussouye: L&rsquo;Etat va accompagner pour pr\u00e9server le riche patrimoine culturel"},"content":{"rendered":"<div id=\"pl-11999\"  class=\"panel-layout\" ><div id=\"pg-11999-0\"  class=\"panel-grid panel-no-style\" ><div id=\"pgc-11999-0-0\"  class=\"panel-grid-cell\" ><div id=\"panel-11999-0-0-0\" class=\"so-panel widget widget_text panel-first-child panel-last-child\" data-index=\"0\" ><h3 class=\"widget-title\">F\u00eate du Roi \u00e0 Oussouye: L&rsquo;Etat va accompagner pour pr\u00e9server le riche patrimoine culturel<\/h3>\t\t\t<div class=\"textwidget\"><div dir=\"auto\">C&rsquo;est une forte d\u00e9l\u00e9gation gouvernementale qui est venue \u00e0 Oussouye ce samedi 1er octobre 2022 chez le Roi Sa Majest\u00e9 Sibiloumbaye Di\u00e9dhiou pour repr\u00e9senter le Chef de l&rsquo;Etat \u00e0 la f\u00eate du roi \u00a0\u00bb appel\u00e9e \u2019\u2019Humeubeul\u2019\u2019.<\/div>\n<div dir=\"auto\"><\/div>\n<div dir=\"auto\">Parlant au nom de la d\u00e9l\u00e9gation, le ministre de la Culture, Aliou Sow a rappel\u00e9 toute l&rsquo;importance que le Pr\u00e9sident de la R\u00e9publique accorde \u00e0 la f\u00eate du Roi. Selon lui, le Chef de l&rsquo;Etat a \u00ab\u00a0un d\u00e9sir d\u2019accompagner le rayonnement culturel du Royaume. Il a toujours pris toutes les dispositions n\u00e9cessaires \u00e0 la r\u00e9ussite de l\u2019\u00e9v\u00e9nement. Il a un attachement au patrimoine historique immat\u00e9riel \u00e0 pr\u00e9server, \u00e0 prot\u00e9ger et \u00e0 diffuser\u2019\u2019.<\/div>\n<div dir=\"auto\"><\/div>\n<div dir=\"auto\">Aliou Sow et les ministres qui l&rsquo;accompagnement ont sollicit\u00e9 les pri\u00e8res du Roi d\u2019Oussouye\u00a0 pour le maintien de la paix, la promotion de la r\u00e9conciliation au niveau local, la d\u00e9fense des valeurs culturelles qui \u2019\u2019sont en phase avec la discipline, avec l\u2019unit\u00e9 et avec l\u2019enracinement dans l\u2019ouverture\u2019.<\/div>\n<div dir=\"auto\"><\/div>\n<div dir=\"auto\">Le \u2019\u2019Humeubeul\u2019\u2019, c&rsquo;est 18 jours de pri\u00e8res notamment dans le bois sacr\u00e9 et une s\u00e9rie de manifestations culturelles et artistiques dont des danses et des s\u00e9ances de luttes traditionnelles pour montrer la richesse et la diversit\u00e9 de la culture dans cette partie du S\u00e9n\u00e9gal.<\/div>\n<div dir=\"auto\"><\/div>\n<div dir=\"auto\">La f\u00eate de cette ann\u00e9e, plac\u00e9e sous le th\u00e8me \u2019\u2019Jeunesse et Culture\u2019\u2019 a vu la pr\u00e9sence effective\u00a0 des ministres de la Microfinance, de la Jeunesse, de la d\u00e9l\u00e9gu\u00e9e de la DER et de chefs coutumiers du Cap-Vert et du Sine Saloum.<\/div>\n<div dir=\"auto\"><\/div>\n<div dir=\"auto\"><img loading=\"lazy\" class=\"alignnone size-medium wp-image-12001\" src=\"http:\/\/www.culture.gouv.sn\/wp-content\/uploads\/2022\/10\/IMG-20221003-WA0006-300x225.jpg\" alt=\"\" width=\"300\" height=\"225\" srcset=\"https:\/\/www.culture.gouv.sn\/wp-content\/uploads\/2022\/10\/IMG-20221003-WA0006-300x225.jpg 300w, https:\/\/www.culture.gouv.sn\/wp-content\/uploads\/2022\/10\/IMG-20221003-WA0006-600x450.jpg 600w, https:\/\/www.culture.gouv.sn\/wp-content\/uploads\/2022\/10\/IMG-20221003-WA0006-1024x768.jpg 1024w, https:\/\/www.culture.gouv.sn\/wp-content\/uploads\/2022\/10\/IMG-20221003-WA0006-768x576.jpg 768w, https:\/\/www.culture.gouv.sn\/wp-content\/uploads\/2022\/10\/IMG-20221003-WA0006-24x18.jpg 24w, https:\/\/www.culture.gouv.sn\/wp-content\/uploads\/2022\/10\/IMG-20221003-WA0006-36x27.jpg 36w, https:\/\/www.culture.gouv.sn\/wp-content\/uploads\/2022\/10\/IMG-20221003-WA0006-48x36.jpg 48w, https:\/\/www.culture.gouv.sn\/wp-content\/uploads\/2022\/10\/IMG-20221003-WA0006-1000x750.jpg 1000w, https:\/\/www.culture.gouv.sn\/wp-content\/uploads\/2022\/10\/IMG-20221003-WA0006.jpg 1280w\" sizes=\"(max-width: 300px) 100vw, 300px\" \/>\u00a0 <img loading=\"lazy\" class=\"alignnone size-medium wp-image-12002\" src=\"http:\/\/www.culture.gouv.sn\/wp-content\/uploads\/2022\/10\/IMG-20221003-WA0018-300x225.jpg\" alt=\"\" width=\"300\" height=\"225\" srcset=\"https:\/\/www.culture.gouv.sn\/wp-content\/uploads\/2022\/10\/IMG-20221003-WA0018-300x225.jpg 300w, https:\/\/www.culture.gouv.sn\/wp-content\/uploads\/2022\/10\/IMG-20221003-WA0018-600x450.jpg 600w, https:\/\/www.culture.gouv.sn\/wp-content\/uploads\/2022\/10\/IMG-20221003-WA0018-1024x768.jpg 1024w, https:\/\/www.culture.gouv.sn\/wp-content\/uploads\/2022\/10\/IMG-20221003-WA0018-768x576.jpg 768w, https:\/\/www.culture.gouv.sn\/wp-content\/uploads\/2022\/10\/IMG-20221003-WA0018-24x18.jpg 24w, https:\/\/www.culture.gouv.sn\/wp-content\/uploads\/2022\/10\/IMG-20221003-WA0018-36x27.jpg 36w, https:\/\/www.culture.gouv.sn\/wp-content\/uploads\/2022\/10\/IMG-20221003-WA0018-48x36.jpg 48w, https:\/\/www.culture.gouv.sn\/wp-content\/uploads\/2022\/10\/IMG-20221003-WA0018-1000x750.jpg 1000w, https:\/\/www.culture.gouv.sn\/wp-content\/uploads\/2022\/10\/IMG-20221003-WA0018.jpg 1280w\" sizes=\"(max-width: 300px) 100vw, 300px\" \/><\/div>\n<\/div>\n\t\t<\/div><\/div><\/div><\/div>","protected":false},"excerpt":{"rendered":"<p>C&rsquo;est une forte d\u00e9l\u00e9gation gouvernementale qui est venue \u00e0 Oussouye ce samedi 1er octobre 2022 chez le Roi Sa Majest\u00e9 Sibiloumbaye Di\u00e9dhiou pour repr\u00e9senter le Chef de l&rsquo;Etat \u00e0 la f\u00eate du roi \u00a0\u00bb appel\u00e9e \u2019\u2019Humeubeul\u2019\u2019. Parlant au nom de la d\u00e9l\u00e9gation, le ministre de la Culture, Aliou Sow a rappel\u00e9 toute l&rsquo;importance que le [&hellip;]<\/p>\n","protected":false},"author":1,"featured_media":12009,"comment_status":"open","ping_status":"open","sticky":false,"template":"","format":"standard","meta":{"ngg_post_thumbnail":0},"categories":[2],"tags":[],"_links":{"self":[{"href":"https:\/\/www.culture.gouv.sn\/index.php\/wp-json\/wp\/v2\/posts\/11999"}],"collection":[{"href":"https:\/\/www.culture.gouv.sn\/index.php\/wp-json\/wp\/v2\/posts"}],"about":[{"href":"https:\/\/www.culture.gouv.sn\/index.php\/wp-json\/wp\/v2\/types\/post"}],"author":[{"embeddable":true,"href":"https:\/\/www.culture.gouv.sn\/index.php\/wp-json\/wp\/v2\/users\/1"}],"replies":[{"embeddable":true,"href":"https:\/\/www.culture.gouv.sn\/index.php\/wp-json\/wp\/v2\/comments?post=11999"}],"version-history":[{"count":1,"href":"https:\/\/www.culture.gouv.sn\/index.php\/wp-json\/wp\/v2\/posts\/11999\/revisions"}],"predecessor-version":[{"id":12003,"href":"https:\/\/www.culture.gouv.sn\/index.php\/wp-json\/wp\/v2\/posts\/11999\/revisions\/12003"}],"wp:featuredmedia":[{"embeddable":true,"href":"https:\/\/www.culture.gouv.sn\/index.php\/wp-json\/wp\/v2\/media\/12009"}],"wp:attachment":[{"href":"https:\/\/www.culture.gouv.sn\/index.php\/wp-json\/wp\/v2\/media?parent=11999"}],"wp:term":[{"taxonomy":"category","embeddable":true,"href":"https:\/\/www.culture.gouv.sn\/index.php\/wp-json\/wp\/v2\/categories?post=11999"},{"taxonomy":"post_tag","embeddable":true,"href":"https:\/\/www.culture.gouv.sn\/index.php\/wp-json\/wp\/v2\/tags?post=11999"}],"curies":[{"name":"wp","href":"https:\/\/api.w.org\/{rel}","templated":true}]}}