{"id":12117,"date":"2022-11-03T21:31:39","date_gmt":"2022-11-03T21:31:39","guid":{"rendered":"http:\/\/www.culture.gouv.sn\/?p=12117"},"modified":"2022-11-04T11:37:02","modified_gmt":"2022-11-04T11:37:02","slug":"12117","status":"publish","type":"post","link":"https:\/\/www.culture.gouv.sn\/index.php\/2022\/11\/03\/12117\/","title":{"rendered":"Foire du livre de Sharjah: Le S\u00e9n\u00e9gal va partager son exp\u00e9rience de lecture publique"},"content":{"rendered":"<div id=\"pl-12117\"  class=\"panel-layout\" ><div id=\"pg-12117-0\"  class=\"panel-grid panel-no-style\" ><div id=\"pgc-12117-0-0\"  class=\"panel-grid-cell\" ><div id=\"panel-12117-0-0-0\" class=\"so-panel widget widget_text panel-first-child panel-last-child\" data-index=\"0\" ><h3 class=\"widget-title\">Foire du livre de Sharjah: Le S\u00e9n\u00e9gal va partager son exp\u00e9rience de lecture publique<\/h3>\t\t\t<div class=\"textwidget\"><div dir=\"auto\">\n<div class=\"gs\">\n<div class=\"\">\n<div id=\":qr\" class=\"ii gt\">\n<div id=\":pn\" class=\"a3s aiL \">\n<div dir=\"auto\">\n<div dir=\"auto\">La 41e \u00e9dition de la Foire Internationale du Livre de Sharjah s&rsquo;est ouverte ce 2 novembre 2022, \u00e0 l&rsquo;Expo Center Sharjah, \u00c9mirats arabes Unis. Cette ann\u00e9e, les organisateurs ont enregistr\u00e9 la participation de 2200 maisons d&rsquo;\u00e9dition repr\u00e9sentant 95 pays.<\/div>\n<div dir=\"auto\"><\/div>\n<div dir=\"auto\">Les conf\u00e9rences et rencontres professionnelles d\u00e9marreront ce vendredi 4 novembre 2022.<\/div>\n<div dir=\"auto\"><\/div>\n<div dir=\"auto\">Le S\u00e9n\u00e9gal est attendu \u00e0 la rencontre des directeurs et responsables de biblioth\u00e8ques pour partager son exp\u00e9rience sur la politique de lecture publique et faire en m\u00eame temps le point sur le projet de biblioth\u00e8que nationale.<\/div>\n<div dir=\"auto\"><\/div>\n<div dir=\"auto\">L&rsquo;Italie est le pays invit\u00e9 d&rsquo;honneur<\/div>\n<\/div>\n<div class=\"yj6qo\"><\/div>\n<div class=\"adL\"><\/div>\n<\/div>\n<\/div>\n<div class=\"hi\"><\/div>\n<\/div>\n<\/div>\n<\/div>\n<div dir=\"auto\"><\/div>\n<div dir=\"auto\"><\/div>\n<div dir=\"auto\"><\/div>\n<div dir=\"auto\"><img loading=\"lazy\" class=\"alignnone size-medium wp-image-12114\" src=\"http:\/\/www.culture.gouv.sn\/wp-content\/uploads\/2022\/11\/IMG-20221103-WA0028-300x225.jpg\" alt=\"\" width=\"300\" height=\"225\" srcset=\"https:\/\/www.culture.gouv.sn\/wp-content\/uploads\/2022\/11\/IMG-20221103-WA0028-300x225.jpg 300w, https:\/\/www.culture.gouv.sn\/wp-content\/uploads\/2022\/11\/IMG-20221103-WA0028-768x576.jpg 768w, https:\/\/www.culture.gouv.sn\/wp-content\/uploads\/2022\/11\/IMG-20221103-WA0028-24x18.jpg 24w, https:\/\/www.culture.gouv.sn\/wp-content\/uploads\/2022\/11\/IMG-20221103-WA0028-36x27.jpg 36w, https:\/\/www.culture.gouv.sn\/wp-content\/uploads\/2022\/11\/IMG-20221103-WA0028-48x36.jpg 48w, https:\/\/www.culture.gouv.sn\/wp-content\/uploads\/2022\/11\/IMG-20221103-WA0028-600x450.jpg 600w, https:\/\/www.culture.gouv.sn\/wp-content\/uploads\/2022\/11\/IMG-20221103-WA0028.jpg 912w\" sizes=\"(max-width: 300px) 100vw, 300px\" \/>\u00a0 <img loading=\"lazy\" class=\"alignnone size-medium wp-image-12111\" src=\"http:\/\/www.culture.gouv.sn\/wp-content\/uploads\/2022\/11\/IMG-20221103-WA0008-225x300.jpg\" alt=\"\" width=\"225\" height=\"300\" srcset=\"https:\/\/www.culture.gouv.sn\/wp-content\/uploads\/2022\/11\/IMG-20221103-WA0008-225x300.jpg 225w, https:\/\/www.culture.gouv.sn\/wp-content\/uploads\/2022\/11\/IMG-20221103-WA0008-300x400.jpg 300w, https:\/\/www.culture.gouv.sn\/wp-content\/uploads\/2022\/11\/IMG-20221103-WA0008-18x24.jpg 18w, https:\/\/www.culture.gouv.sn\/wp-content\/uploads\/2022\/11\/IMG-20221103-WA0008-27x36.jpg 27w, https:\/\/www.culture.gouv.sn\/wp-content\/uploads\/2022\/11\/IMG-20221103-WA0008-36x48.jpg 36w, https:\/\/www.culture.gouv.sn\/wp-content\/uploads\/2022\/11\/IMG-20221103-WA0008-600x800.jpg 600w, https:\/\/www.culture.gouv.sn\/wp-content\/uploads\/2022\/11\/IMG-20221103-WA0008.jpg 684w\" sizes=\"(max-width: 225px) 100vw, 225px\" \/><\/div>\n<div dir=\"auto\"><\/div>\n<div dir=\"auto\"><\/div>\n<div dir=\"auto\"><\/div>\n<div dir=\"auto\"><\/div>\n<div dir=\"auto\"><\/div>\n<div dir=\"auto\"><\/div>\n<\/div>\n\t\t<\/div><\/div><\/div><\/div>","protected":false},"excerpt":{"rendered":"<p>La 41e \u00e9dition de la Foire Internationale du Livre de Sharjah s&rsquo;est ouverte ce 2 novembre 2022, \u00e0 l&rsquo;Expo Center Sharjah, \u00c9mirats arabes Unis. Cette ann\u00e9e, les organisateurs ont enregistr\u00e9 la participation de 2200 maisons d&rsquo;\u00e9dition repr\u00e9sentant 95 pays. Les conf\u00e9rences et rencontres professionnelles d\u00e9marreront ce vendredi 4 novembre 2022. Le S\u00e9n\u00e9gal est attendu \u00e0 [&hellip;]<\/p>\n","protected":false},"author":1,"featured_media":12110,"comment_status":"open","ping_status":"open","sticky":false,"template":"","format":"standard","meta":{"ngg_post_thumbnail":0},"categories":[2],"tags":[],"_links":{"self":[{"href":"https:\/\/www.culture.gouv.sn\/index.php\/wp-json\/wp\/v2\/posts\/12117"}],"collection":[{"href":"https:\/\/www.culture.gouv.sn\/index.php\/wp-json\/wp\/v2\/posts"}],"about":[{"href":"https:\/\/www.culture.gouv.sn\/index.php\/wp-json\/wp\/v2\/types\/post"}],"author":[{"embeddable":true,"href":"https:\/\/www.culture.gouv.sn\/index.php\/wp-json\/wp\/v2\/users\/1"}],"replies":[{"embeddable":true,"href":"https:\/\/www.culture.gouv.sn\/index.php\/wp-json\/wp\/v2\/comments?post=12117"}],"version-history":[{"count":7,"href":"https:\/\/www.culture.gouv.sn\/index.php\/wp-json\/wp\/v2\/posts\/12117\/revisions"}],"predecessor-version":[{"id":12133,"href":"https:\/\/www.culture.gouv.sn\/index.php\/wp-json\/wp\/v2\/posts\/12117\/revisions\/12133"}],"wp:featuredmedia":[{"embeddable":true,"href":"https:\/\/www.culture.gouv.sn\/index.php\/wp-json\/wp\/v2\/media\/12110"}],"wp:attachment":[{"href":"https:\/\/www.culture.gouv.sn\/index.php\/wp-json\/wp\/v2\/media?parent=12117"}],"wp:term":[{"taxonomy":"category","embeddable":true,"href":"https:\/\/www.culture.gouv.sn\/index.php\/wp-json\/wp\/v2\/categories?post=12117"},{"taxonomy":"post_tag","embeddable":true,"href":"https:\/\/www.culture.gouv.sn\/index.php\/wp-json\/wp\/v2\/tags?post=12117"}],"curies":[{"name":"wp","href":"https:\/\/api.w.org\/{rel}","templated":true}]}}