{"id":12122,"date":"2022-11-03T22:03:50","date_gmt":"2022-11-03T22:03:50","guid":{"rendered":"http:\/\/www.culture.gouv.sn\/?p=12122"},"modified":"2022-11-04T11:27:21","modified_gmt":"2022-11-04T11:27:21","slug":"hommage-a-pape-fall","status":"publish","type":"post","link":"https:\/\/www.culture.gouv.sn\/index.php\/2022\/11\/03\/hommage-a-pape-fall\/","title":{"rendered":"Hommage \u00e0 Pape FALL un artiste hors pair de la salsa"},"content":{"rendered":"<div id=\"pl-12122\"  class=\"panel-layout\" ><div id=\"pg-12122-0\"  class=\"panel-grid panel-no-style\" ><div id=\"pgc-12122-0-0\"  class=\"panel-grid-cell\" ><div id=\"panel-12122-0-0-0\" class=\"so-panel widget widget_text panel-first-child panel-last-child\" data-index=\"0\" ><h3 class=\"widget-title\">Hommage \u00e0 Pape FALL<\/h3>\t\t\t<div class=\"textwidget\"><p>L\u2019annonce du rappel \u00e0 Dieu du grand musicien Pape FALL m\u2019a rempli d\u2019une grande tristesse et plong\u00e9 la communaut\u00e9 artistique dans une profonde consternation.<\/p>\n<p>Je voudrais m&rsquo;incliner avec respect devant la m\u00e9moire d\u2019un artiste hors pair, ic\u00f4ne de la salsa au S\u00e9n\u00e9gal qui a d\u00e9velopp\u00e9 un savoir-faire qu\u2018il a su mettre au service de tous les groupes qu\u2019il a fr\u00e9quent\u00e9s et \u00e9blouis de par son talent du Star Band de Dakar au Nder.<\/p>\n<p>Sa carri\u00e8re musicale extraordinaire a \u00e9t\u00e9 impuls\u00e9e et prot\u00e9g\u00e9e par un public fid\u00e8le, conquis par sa g\u00e9n\u00e9rosit\u00e9 et l\u2019\u00e9nergie qu\u2019il d\u00e9gageait.<\/p>\n<p>En cette circonstance douloureuse, j\u2019exprime, au nom du Pr\u00e9sident de la R\u00e9publique, Son Excellence, Monsieur Macky SALL, du Premier Ministre Monsieur Amadou BA, de l\u2019ensemble des membres du Gouvernement du S\u00e9n\u00e9gal et en celui de la communaut\u00e9 artistique et culturelle, mes condol\u00e9ances sinc\u00e8res \u00e0 la famille \u00e9plor\u00e9e.<\/p>\n<p>Que le ToutPuissant lui accorde un repos \u00e9ternel et bien m\u00e9rit\u00e9 dans son royaume c\u00e9leste.<\/p>\n<p>Adieu Maestro, que ton \u00e2me repose en paix!<\/p>\n<p>&nbsp;<\/p>\n<p><em><strong>Pr Aliou SOW, Ministre de la Culture et du Patrimoine historique<\/strong><\/em><\/p>\n<p>&nbsp;<\/p>\n<\/div>\n\t\t<\/div><\/div><\/div><\/div>","protected":false},"excerpt":{"rendered":"<p>L\u2019annonce du rappel \u00e0 Dieu du grand musicien Pape FALL m\u2019a rempli d\u2019une grande tristesse et plong\u00e9 la communaut\u00e9 artistique dans une profonde consternation. Je voudrais m&rsquo;incliner avec respect devant la m\u00e9moire d\u2019un artiste hors pair, ic\u00f4ne de la salsa au S\u00e9n\u00e9gal qui a d\u00e9velopp\u00e9 un savoir-faire qu\u2018il a su mettre au service de tous [&hellip;]<\/p>\n","protected":false},"author":1,"featured_media":12123,"comment_status":"open","ping_status":"open","sticky":false,"template":"","format":"standard","meta":{"ngg_post_thumbnail":0},"categories":[2],"tags":[],"_links":{"self":[{"href":"https:\/\/www.culture.gouv.sn\/index.php\/wp-json\/wp\/v2\/posts\/12122"}],"collection":[{"href":"https:\/\/www.culture.gouv.sn\/index.php\/wp-json\/wp\/v2\/posts"}],"about":[{"href":"https:\/\/www.culture.gouv.sn\/index.php\/wp-json\/wp\/v2\/types\/post"}],"author":[{"embeddable":true,"href":"https:\/\/www.culture.gouv.sn\/index.php\/wp-json\/wp\/v2\/users\/1"}],"replies":[{"embeddable":true,"href":"https:\/\/www.culture.gouv.sn\/index.php\/wp-json\/wp\/v2\/comments?post=12122"}],"version-history":[{"count":2,"href":"https:\/\/www.culture.gouv.sn\/index.php\/wp-json\/wp\/v2\/posts\/12122\/revisions"}],"predecessor-version":[{"id":12130,"href":"https:\/\/www.culture.gouv.sn\/index.php\/wp-json\/wp\/v2\/posts\/12122\/revisions\/12130"}],"wp:featuredmedia":[{"embeddable":true,"href":"https:\/\/www.culture.gouv.sn\/index.php\/wp-json\/wp\/v2\/media\/12123"}],"wp:attachment":[{"href":"https:\/\/www.culture.gouv.sn\/index.php\/wp-json\/wp\/v2\/media?parent=12122"}],"wp:term":[{"taxonomy":"category","embeddable":true,"href":"https:\/\/www.culture.gouv.sn\/index.php\/wp-json\/wp\/v2\/categories?post=12122"},{"taxonomy":"post_tag","embeddable":true,"href":"https:\/\/www.culture.gouv.sn\/index.php\/wp-json\/wp\/v2\/tags?post=12122"}],"curies":[{"name":"wp","href":"https:\/\/api.w.org\/{rel}","templated":true}]}}