{"id":12144,"date":"2022-11-10T01:12:29","date_gmt":"2022-11-10T01:12:29","guid":{"rendered":"http:\/\/www.culture.gouv.sn\/?p=12144"},"modified":"2022-11-10T01:12:29","modified_gmt":"2022-11-10T01:12:29","slug":"journee-de-lecrivain-africain-aliou-sow-recompense-des-ecrivains","status":"publish","type":"post","link":"https:\/\/www.culture.gouv.sn\/index.php\/2022\/11\/10\/journee-de-lecrivain-africain-aliou-sow-recompense-des-ecrivains\/","title":{"rendered":"Journ\u00e9e de l&rsquo;\u00e9crivain africain: Aliou Sow r\u00e9compense des \u00e9crivains"},"content":{"rendered":"<div id=\"pl-12144\"  class=\"panel-layout\" ><div id=\"pg-12144-0\"  class=\"panel-grid panel-no-style\" ><div id=\"pgc-12144-0-0\"  class=\"panel-grid-cell\" ><div id=\"panel-12144-0-0-0\" class=\"so-panel widget widget_siteorigin-panels-gallery panel-first-child\" data-index=\"0\" >\n\t\t<style type=\"text\/css\">\n\t\t\t#gallery-1 {\n\t\t\t\tmargin: auto;\n\t\t\t}\n\t\t\t#gallery-1 .gallery-item {\n\t\t\t\tfloat: left;\n\t\t\t\tmargin-top: 10px;\n\t\t\t\ttext-align: center;\n\t\t\t\twidth: 33%;\n\t\t\t}\n\t\t\t#gallery-1 img {\n\t\t\t\tborder: 2px solid #cfcfcf;\n\t\t\t}\n\t\t\t#gallery-1 .gallery-caption {\n\t\t\t\tmargin-left: 0;\n\t\t\t}\n\t\t\t\/* see gallery_shortcode() in wp-includes\/media.php *\/\n\t\t<\/style>\n\t\t<div id='gallery-1' class='gallery galleryid-12144 gallery-columns-3 gallery-size-thumbnail'><dl class='gallery-item'>\n\t\t\t<dt class='gallery-icon landscape'>\n\t\t\t\t<a href='https:\/\/www.culture.gouv.sn\/index.php\/2022\/11\/10\/journee-de-lecrivain-africain-aliou-sow-recompense-des-ecrivains\/img-20221109-wa0003\/'><img width=\"150\" height=\"150\" src=\"https:\/\/www.culture.gouv.sn\/wp-content\/uploads\/2022\/11\/IMG-20221109-WA0003-150x150.jpg\" class=\"attachment-thumbnail size-thumbnail\" alt=\"\" loading=\"lazy\" srcset=\"https:\/\/www.culture.gouv.sn\/wp-content\/uploads\/2022\/11\/IMG-20221109-WA0003-150x150.jpg 150w, https:\/\/www.culture.gouv.sn\/wp-content\/uploads\/2022\/11\/IMG-20221109-WA0003-300x300.jpg 300w, https:\/\/www.culture.gouv.sn\/wp-content\/uploads\/2022\/11\/IMG-20221109-WA0003-100x100.jpg 100w, https:\/\/www.culture.gouv.sn\/wp-content\/uploads\/2022\/11\/IMG-20221109-WA0003-120x120.jpg 120w\" sizes=\"(max-width: 150px) 100vw, 150px\" \/><\/a>\n\t\t\t<\/dt><\/dl><dl class='gallery-item'>\n\t\t\t<dt class='gallery-icon landscape'>\n\t\t\t\t<a href='https:\/\/www.culture.gouv.sn\/index.php\/2022\/11\/10\/journee-de-lecrivain-africain-aliou-sow-recompense-des-ecrivains\/img-20221109-wa0005\/'><img width=\"150\" height=\"150\" src=\"https:\/\/www.culture.gouv.sn\/wp-content\/uploads\/2022\/11\/IMG-20221109-WA0005-150x150.jpg\" class=\"attachment-thumbnail size-thumbnail\" alt=\"\" loading=\"lazy\" srcset=\"https:\/\/www.culture.gouv.sn\/wp-content\/uploads\/2022\/11\/IMG-20221109-WA0005-150x150.jpg 150w, https:\/\/www.culture.gouv.sn\/wp-content\/uploads\/2022\/11\/IMG-20221109-WA0005-300x300.jpg 300w, https:\/\/www.culture.gouv.sn\/wp-content\/uploads\/2022\/11\/IMG-20221109-WA0005-100x100.jpg 100w, https:\/\/www.culture.gouv.sn\/wp-content\/uploads\/2022\/11\/IMG-20221109-WA0005-120x120.jpg 120w\" sizes=\"(max-width: 150px) 100vw, 150px\" \/><\/a>\n\t\t\t<\/dt><\/dl><dl class='gallery-item'>\n\t\t\t<dt class='gallery-icon portrait'>\n\t\t\t\t<a href='https:\/\/www.culture.gouv.sn\/index.php\/2022\/11\/10\/journee-de-lecrivain-africain-aliou-sow-recompense-des-ecrivains\/img-20221109-wa0011\/'><img width=\"150\" height=\"150\" src=\"https:\/\/www.culture.gouv.sn\/wp-content\/uploads\/2022\/11\/IMG-20221109-WA0011-150x150.jpg\" class=\"attachment-thumbnail size-thumbnail\" alt=\"\" loading=\"lazy\" srcset=\"https:\/\/www.culture.gouv.sn\/wp-content\/uploads\/2022\/11\/IMG-20221109-WA0011-150x150.jpg 150w, https:\/\/www.culture.gouv.sn\/wp-content\/uploads\/2022\/11\/IMG-20221109-WA0011-300x300.jpg 300w, https:\/\/www.culture.gouv.sn\/wp-content\/uploads\/2022\/11\/IMG-20221109-WA0011-100x100.jpg 100w, https:\/\/www.culture.gouv.sn\/wp-content\/uploads\/2022\/11\/IMG-20221109-WA0011-120x120.jpg 120w\" sizes=\"(max-width: 150px) 100vw, 150px\" \/><\/a>\n\t\t\t<\/dt><\/dl><br style=\"clear: both\" \/>\n\t\t<\/div>\n<\/div><div id=\"panel-12144-0-0-1\" class=\"so-panel widget widget_text panel-last-child\" data-index=\"1\" ><h3 class=\"widget-title\">Journ\u00e9e de l&rsquo;\u00e9crivain africain: Aliou Sow r\u00e9compense des \u00e9crivains<\/h3>\t\t\t<div class=\"textwidget\"><div dir=\"auto\">Comme promis ce lundi 7 novembre \u00e0 Keur Birago, le ministre Aliou Sow a remis ce mardi 8 novembre 2022 \u00e0 son cabinet les prix de l&rsquo;\u00e9crivain \u00e9tranger d\u00e9cern\u00e9s en marge de la Journ\u00e9e internationale de l&rsquo;\u00e9crivain africain.<\/div>\n<div dir=\"auto\">Au total, 4 enveloppes de 500 000 F CFA chacune ont \u00e9t\u00e9 remises par le ministre de la Culture et du Patrimoine historique respectivement \u00e0 Raoudha B\u00e9diri de la Tunisie, \u00e0 Khady\u00a0 Cheikhna Mohamed de la Mauritanie et \u00e0 la Gambienne Asha Jawara.<\/div>\n<div dir=\"auto\"><\/div>\n<div dir=\"auto\">Par ce geste et au nom du Pr\u00e9sident de la R\u00e9publique Macky Sall, Aliou Sow entend\u00a0 encourager tous les professionnels de la cha\u00eene du livre dans leur mission de promotion du livre\u00a0 et de la lecture.<\/div>\n<div dir=\"auto\">Au cours de cette rencontre, le ministre Aliou Sow a annonc\u00e9 la cr\u00e9ation du Prix Alioune Badara B\u00e8ye pour la constance et la pers\u00e9v\u00e9rance qui sera remis lors de la prochaine \u00e9dition du Festival national des Arts et Culture, pr\u00e9vue dans la r\u00e9gion de Kaffrine en Janvier 2023.<\/div>\n<div dir=\"auto\"><\/div>\n<div dir=\"auto\"><img loading=\"lazy\" class=\"alignnone size-medium wp-image-12146\" src=\"http:\/\/www.culture.gouv.sn\/wp-content\/uploads\/2022\/11\/IMG-20221109-WA0005-300x225.jpg\" alt=\"\" width=\"300\" height=\"225\" srcset=\"https:\/\/www.culture.gouv.sn\/wp-content\/uploads\/2022\/11\/IMG-20221109-WA0005-300x225.jpg 300w, https:\/\/www.culture.gouv.sn\/wp-content\/uploads\/2022\/11\/IMG-20221109-WA0005-1024x768.jpg 1024w, https:\/\/www.culture.gouv.sn\/wp-content\/uploads\/2022\/11\/IMG-20221109-WA0005-768x576.jpg 768w, https:\/\/www.culture.gouv.sn\/wp-content\/uploads\/2022\/11\/IMG-20221109-WA0005-24x18.jpg 24w, https:\/\/www.culture.gouv.sn\/wp-content\/uploads\/2022\/11\/IMG-20221109-WA0005-36x27.jpg 36w, https:\/\/www.culture.gouv.sn\/wp-content\/uploads\/2022\/11\/IMG-20221109-WA0005-48x36.jpg 48w, https:\/\/www.culture.gouv.sn\/wp-content\/uploads\/2022\/11\/IMG-20221109-WA0005-600x450.jpg 600w, https:\/\/www.culture.gouv.sn\/wp-content\/uploads\/2022\/11\/IMG-20221109-WA0005-1000x750.jpg 1000w, https:\/\/www.culture.gouv.sn\/wp-content\/uploads\/2022\/11\/IMG-20221109-WA0005.jpg 1080w\" sizes=\"(max-width: 300px) 100vw, 300px\" \/>\u00a0 \u00a0<img loading=\"lazy\" class=\"alignnone size-medium wp-image-12147\" src=\"http:\/\/www.culture.gouv.sn\/wp-content\/uploads\/2022\/11\/IMG-20221109-WA0011-225x300.jpg\" alt=\"\" width=\"225\" height=\"300\" srcset=\"https:\/\/www.culture.gouv.sn\/wp-content\/uploads\/2022\/11\/IMG-20221109-WA0011-225x300.jpg 225w, https:\/\/www.culture.gouv.sn\/wp-content\/uploads\/2022\/11\/IMG-20221109-WA0011-768x1024.jpg 768w, https:\/\/www.culture.gouv.sn\/wp-content\/uploads\/2022\/11\/IMG-20221109-WA0011-300x400.jpg 300w, https:\/\/www.culture.gouv.sn\/wp-content\/uploads\/2022\/11\/IMG-20221109-WA0011-18x24.jpg 18w, https:\/\/www.culture.gouv.sn\/wp-content\/uploads\/2022\/11\/IMG-20221109-WA0011-27x36.jpg 27w, https:\/\/www.culture.gouv.sn\/wp-content\/uploads\/2022\/11\/IMG-20221109-WA0011-36x48.jpg 36w, https:\/\/www.culture.gouv.sn\/wp-content\/uploads\/2022\/11\/IMG-20221109-WA0011-600x800.jpg 600w, https:\/\/www.culture.gouv.sn\/wp-content\/uploads\/2022\/11\/IMG-20221109-WA0011.jpg 810w\" sizes=\"(max-width: 225px) 100vw, 225px\" \/><\/div>\n<\/div>\n\t\t<\/div><\/div><\/div><\/div>","protected":false},"excerpt":{"rendered":"<p>Comme promis ce lundi 7 novembre \u00e0 Keur Birago, le ministre Aliou Sow a remis ce mardi 8 novembre 2022 \u00e0 son cabinet les prix de l&rsquo;\u00e9crivain \u00e9tranger d\u00e9cern\u00e9s en marge de la Journ\u00e9e internationale de l&rsquo;\u00e9crivain africain. Au total, 4 enveloppes de 500 000 F CFA chacune ont \u00e9t\u00e9 remises par le ministre de [&hellip;]<\/p>\n","protected":false},"author":1,"featured_media":12145,"comment_status":"open","ping_status":"open","sticky":false,"template":"","format":"standard","meta":{"ngg_post_thumbnail":0},"categories":[2],"tags":[],"_links":{"self":[{"href":"https:\/\/www.culture.gouv.sn\/index.php\/wp-json\/wp\/v2\/posts\/12144"}],"collection":[{"href":"https:\/\/www.culture.gouv.sn\/index.php\/wp-json\/wp\/v2\/posts"}],"about":[{"href":"https:\/\/www.culture.gouv.sn\/index.php\/wp-json\/wp\/v2\/types\/post"}],"author":[{"embeddable":true,"href":"https:\/\/www.culture.gouv.sn\/index.php\/wp-json\/wp\/v2\/users\/1"}],"replies":[{"embeddable":true,"href":"https:\/\/www.culture.gouv.sn\/index.php\/wp-json\/wp\/v2\/comments?post=12144"}],"version-history":[{"count":2,"href":"https:\/\/www.culture.gouv.sn\/index.php\/wp-json\/wp\/v2\/posts\/12144\/revisions"}],"predecessor-version":[{"id":12149,"href":"https:\/\/www.culture.gouv.sn\/index.php\/wp-json\/wp\/v2\/posts\/12144\/revisions\/12149"}],"wp:featuredmedia":[{"embeddable":true,"href":"https:\/\/www.culture.gouv.sn\/index.php\/wp-json\/wp\/v2\/media\/12145"}],"wp:attachment":[{"href":"https:\/\/www.culture.gouv.sn\/index.php\/wp-json\/wp\/v2\/media?parent=12144"}],"wp:term":[{"taxonomy":"category","embeddable":true,"href":"https:\/\/www.culture.gouv.sn\/index.php\/wp-json\/wp\/v2\/categories?post=12144"},{"taxonomy":"post_tag","embeddable":true,"href":"https:\/\/www.culture.gouv.sn\/index.php\/wp-json\/wp\/v2\/tags?post=12144"}],"curies":[{"name":"wp","href":"https:\/\/api.w.org\/{rel}","templated":true}]}}