{"id":12287,"date":"2023-02-18T20:41:52","date_gmt":"2023-02-18T20:41:52","guid":{"rendered":"http:\/\/www.culture.gouv.sn\/?p=12287"},"modified":"2023-02-18T20:50:33","modified_gmt":"2023-02-18T20:50:33","slug":"monsieur-augusto-gomes-ministre-de-la-culture-de-la-jeunesse-et-des-sports-salue-les-relations-fraternelles-entre-le-senegal-et-la-guinee-bissau","status":"publish","type":"post","link":"https:\/\/www.culture.gouv.sn\/index.php\/2023\/02\/18\/monsieur-augusto-gomes-ministre-de-la-culture-de-la-jeunesse-et-des-sports-salue-les-relations-fraternelles-entre-le-senegal-et-la-guinee-bissau\/","title":{"rendered":"Monsieur Augusto Gomes, Ministre de la Culture, de la Jeunesse et des Sports salue les relations fraternelles entre le S\u00e9n\u00e9gal et la Guin\u00e9e-Bissau"},"content":{"rendered":"\n<p>Le S\u00e9n\u00e9gal est le pays invit\u00e9 d\u2019honneur du Carnaval 2023 de la Guin\u00e9e-Bissau. Lors de la c\u00e9r\u00e9monie d\u2019ouverture qui s\u2019est tenue ce samedi 17 f\u00e9vrier 2023, le Ministre de la Culture, de la Jeunesse et des Sports du pays a tenu \u00e0 magnifier les belles relations qui existent entre Dakar et Bissau.&nbsp;<\/p>\n\n\n\n<p>Monsieur Augusto Gomes qui \u00e9tait pr\u00e9sent au S\u00e9n\u00e9gal r\u00e9cemment dans le cadre de Festival National des Arts et cultures, a d\u00e9clar\u00e9 \u00eatre satisfait de l\u2019accueil qui lui a \u00e9t\u00e9 r\u00e9serv\u00e9 et est tr\u00e8s heureux de voir un pays ami pr\u00e9sent \u00e0 un \u00e9v\u00e9nement aussi important pour l\u2019agenda culturel Bissau-guin\u00e9en.<\/p>\n\n\n\n<p>\u00ab\u00a0Le S\u00e9n\u00e9gal et la Guin\u00e9e Bissau sont des pays fr\u00e8res. C\u2019est une joie immense pour moi de voir ici pr\u00e9sente une si forte d\u00e9l\u00e9gation venue du S\u00e9n\u00e9gal. Ce qui ne m\u2019\u00e9tonne d\u2019ailleurs pas car le Professeur Aliou Sow, Ministre de la Culture et du Patrimoine Historique du S\u00e9n\u00e9gal et ses \u00e9quipes ont d\u00e9ploy\u00e9 des efforts importants pour la r\u00e9ussite de ce carnaval. De nombreux accords seront sign\u00e9s entre les deux pays. Notre ambition est de mener les actions qui contribueront au rayonnement culturel de la Guin\u00e9e-Bissau et du S\u00e9n\u00e9gal. Cela passe par la promotion de la culture \u00e0 travers des \u00e9v\u00e9nements tel que le FESNAC au S\u00e9n\u00e9gal et le Carnaval en Guin\u00e9e-Bissau. La coop\u00e9ration culturelle est une condition essentielle pour le d\u00e9veloppement des pays\u00a0\u00bb, a fait savoir Monsieur Gomes.<\/p>\n","protected":false},"excerpt":{"rendered":"<p>Le S\u00e9n\u00e9gal est le pays invit\u00e9 d\u2019honneur du Carnaval 2023 de la Guin\u00e9e-Bissau. Lors de la c\u00e9r\u00e9monie d\u2019ouverture qui s\u2019est tenue ce samedi 17 f\u00e9vrier 2023, le Ministre de la Culture, de la Jeunesse et des Sports du pays a tenu \u00e0 magnifier les belles relations qui existent entre Dakar et Bissau.&nbsp; Monsieur Augusto Gomes [&hellip;]<\/p>\n","protected":false},"author":1,"featured_media":12397,"comment_status":"open","ping_status":"open","sticky":true,"template":"","format":"standard","meta":{"ngg_post_thumbnail":0},"categories":[2],"tags":[],"_links":{"self":[{"href":"https:\/\/www.culture.gouv.sn\/index.php\/wp-json\/wp\/v2\/posts\/12287"}],"collection":[{"href":"https:\/\/www.culture.gouv.sn\/index.php\/wp-json\/wp\/v2\/posts"}],"about":[{"href":"https:\/\/www.culture.gouv.sn\/index.php\/wp-json\/wp\/v2\/types\/post"}],"author":[{"embeddable":true,"href":"https:\/\/www.culture.gouv.sn\/index.php\/wp-json\/wp\/v2\/users\/1"}],"replies":[{"embeddable":true,"href":"https:\/\/www.culture.gouv.sn\/index.php\/wp-json\/wp\/v2\/comments?post=12287"}],"version-history":[{"count":5,"href":"https:\/\/www.culture.gouv.sn\/index.php\/wp-json\/wp\/v2\/posts\/12287\/revisions"}],"predecessor-version":[{"id":12402,"href":"https:\/\/www.culture.gouv.sn\/index.php\/wp-json\/wp\/v2\/posts\/12287\/revisions\/12402"}],"wp:featuredmedia":[{"embeddable":true,"href":"https:\/\/www.culture.gouv.sn\/index.php\/wp-json\/wp\/v2\/media\/12397"}],"wp:attachment":[{"href":"https:\/\/www.culture.gouv.sn\/index.php\/wp-json\/wp\/v2\/media?parent=12287"}],"wp:term":[{"taxonomy":"category","embeddable":true,"href":"https:\/\/www.culture.gouv.sn\/index.php\/wp-json\/wp\/v2\/categories?post=12287"},{"taxonomy":"post_tag","embeddable":true,"href":"https:\/\/www.culture.gouv.sn\/index.php\/wp-json\/wp\/v2\/tags?post=12287"}],"curies":[{"name":"wp","href":"https:\/\/api.w.org\/{rel}","templated":true}]}}