{"id":12311,"date":"2023-01-30T14:29:12","date_gmt":"2023-01-30T14:29:12","guid":{"rendered":"http:\/\/www.culture.gouv.sn\/?p=12311"},"modified":"2023-01-30T14:40:41","modified_gmt":"2023-01-30T14:40:41","slug":"palmares-prix-regionaux-fesnac-11","status":"publish","type":"post","link":"https:\/\/www.culture.gouv.sn\/index.php\/2023\/01\/30\/palmares-prix-regionaux-fesnac-11\/","title":{"rendered":"Palmar\u00e8s Prix R\u00e9gionaux FESNAC 11"},"content":{"rendered":"<div id=\"pl-12311\"  class=\"panel-layout\" ><div id=\"pg-12311-0\"  class=\"panel-grid panel-no-style\" ><div id=\"pgc-12311-0-0\"  class=\"panel-grid-cell\" ><div id=\"panel-12311-0-0-0\" class=\"so-panel widget widget_text panel-first-child panel-last-child\" data-index=\"0\" ><h3 class=\"widget-title\">Palmar\u00e8s Prix R\u00e9gionaux FESNAC 11<\/h3>\t\t\t<div class=\"textwidget\"><p>Cliquez ici:<\/p>\n<p><em><a href=\"http:\/\/www.culture.gouv.sn\/wp-content\/uploads\/2023\/01\/REPUBLIQUE-DU-SENEGAL.pdf\">R\u00e9sultats des comp\u00e9titions r\u00e9gionales du Festival National des Arts et Cultures (FESNAC) 2023<\/a><\/em><\/p>\n<\/div>\n\t\t<\/div><\/div><\/div><\/div>","protected":false},"excerpt":{"rendered":"<p>Cliquez ici: R\u00e9sultats des comp\u00e9titions r\u00e9gionales du Festival National des Arts et Cultures (FESNAC) 2023<\/p>\n","protected":false},"author":1,"featured_media":12301,"comment_status":"open","ping_status":"open","sticky":false,"template":"","format":"standard","meta":{"ngg_post_thumbnail":0},"categories":[2],"tags":[],"_links":{"self":[{"href":"https:\/\/www.culture.gouv.sn\/index.php\/wp-json\/wp\/v2\/posts\/12311"}],"collection":[{"href":"https:\/\/www.culture.gouv.sn\/index.php\/wp-json\/wp\/v2\/posts"}],"about":[{"href":"https:\/\/www.culture.gouv.sn\/index.php\/wp-json\/wp\/v2\/types\/post"}],"author":[{"embeddable":true,"href":"https:\/\/www.culture.gouv.sn\/index.php\/wp-json\/wp\/v2\/users\/1"}],"replies":[{"embeddable":true,"href":"https:\/\/www.culture.gouv.sn\/index.php\/wp-json\/wp\/v2\/comments?post=12311"}],"version-history":[{"count":3,"href":"https:\/\/www.culture.gouv.sn\/index.php\/wp-json\/wp\/v2\/posts\/12311\/revisions"}],"predecessor-version":[{"id":12315,"href":"https:\/\/www.culture.gouv.sn\/index.php\/wp-json\/wp\/v2\/posts\/12311\/revisions\/12315"}],"wp:featuredmedia":[{"embeddable":true,"href":"https:\/\/www.culture.gouv.sn\/index.php\/wp-json\/wp\/v2\/media\/12301"}],"wp:attachment":[{"href":"https:\/\/www.culture.gouv.sn\/index.php\/wp-json\/wp\/v2\/media?parent=12311"}],"wp:term":[{"taxonomy":"category","embeddable":true,"href":"https:\/\/www.culture.gouv.sn\/index.php\/wp-json\/wp\/v2\/categories?post=12311"},{"taxonomy":"post_tag","embeddable":true,"href":"https:\/\/www.culture.gouv.sn\/index.php\/wp-json\/wp\/v2\/tags?post=12311"}],"curies":[{"name":"wp","href":"https:\/\/api.w.org\/{rel}","templated":true}]}}