{"id":12318,"date":"2023-02-06T15:44:09","date_gmt":"2023-02-06T15:44:09","guid":{"rendered":"http:\/\/www.culture.gouv.sn\/?p=12318"},"modified":"2023-02-06T15:44:09","modified_gmt":"2023-02-06T15:44:09","slug":"cinema-le-senegal-recoit-les-honneurs-a-louxor","status":"publish","type":"post","link":"https:\/\/www.culture.gouv.sn\/index.php\/2023\/02\/06\/cinema-le-senegal-recoit-les-honneurs-a-louxor\/","title":{"rendered":"Cin\u00e9ma: Le S\u00e9n\u00e9gal re\u00e7oit les honneurs \u00e0 Louxor"},"content":{"rendered":"<div id=\"pl-12318\"  class=\"panel-layout\" ><div id=\"pg-12318-0\"  class=\"panel-grid panel-no-style\" ><div id=\"pgc-12318-0-0\"  class=\"panel-grid-cell\" ><div id=\"panel-12318-0-0-0\" class=\"so-panel widget widget_text panel-first-child panel-last-child\" data-index=\"0\" ><h3 class=\"widget-title\">Cin\u00e9ma: Le S\u00e9n\u00e9gal re\u00e7oit les honneurs \u00e0 Louxor<\/h3>\t\t\t<div class=\"textwidget\"><div id=\":t2\" class=\"ii gt\">\n<div id=\":w4\" class=\"a3s aiL \">\n<div dir=\"auto\">\n<div dir=\"auto\">Le Festival du film africain de Louxor en Egypte (du 4 au 10 f\u00e9vrier 2023) a \u00e9lev\u00e9 le S\u00e9n\u00e9gal au rang d&rsquo;Invit\u00e9 d&rsquo;Honneur de cette pr\u00e9sente \u00e9dition 2023.<\/div>\n<div dir=\"auto\"><\/div>\n<div dir=\"auto\">Le ministre de la Culture et du Patrimoine historique\u00a0 y a d\u00e9p\u00each\u00e9 une importante d\u00e9l\u00e9gation conduite par Monsieur Germain COLY, Directeur de la Cin\u00e9matographie pour r\u00e9pondre \u00e0 cette marque d&rsquo;amiti\u00e9, de fraternit\u00e9 et de reconnaissance de l&rsquo;Egypte.<\/div>\n<div dir=\"auto\"><\/div>\n<div dir=\"auto\">La d\u00e9l\u00e9gation a transmis les salutations et les remerciements du Gouvernement du S\u00e9n\u00e9gal aux autorit\u00e9s \u00e9gyptiennes.<\/div>\n<div dir=\"auto\"><\/div>\n<div dir=\"auto\">La distinction\u00a0 symbolique de pays \u00e0 l&rsquo;honneur a \u00e9t\u00e9 re\u00e7u au nom du ministre Aliou Sow\u00a0 par le Directeur de la Cin\u00e9matographie au cours de la c\u00e9r\u00e9monie d&rsquo;ouverture.<\/div>\n<\/div>\n<div class=\"yj6qo\"><\/div>\n<div class=\"adL\"><\/div>\n<\/div>\n<\/div>\n<div id=\":sd\" class=\"hq gt\">\n<div class=\"hp\"><\/div>\n<div id=\":ta\" class=\"ho\"><\/div>\n<\/div>\n<\/div>\n\t\t<\/div><\/div><\/div><\/div>","protected":false},"excerpt":{"rendered":"<p>Le Festival du film africain de Louxor en Egypte (du 4 au 10 f\u00e9vrier 2023) a \u00e9lev\u00e9 le S\u00e9n\u00e9gal au rang d&rsquo;Invit\u00e9 d&rsquo;Honneur de cette pr\u00e9sente \u00e9dition 2023. Le ministre de la Culture et du Patrimoine historique\u00a0 y a d\u00e9p\u00each\u00e9 une importante d\u00e9l\u00e9gation conduite par Monsieur Germain COLY, Directeur de la Cin\u00e9matographie pour r\u00e9pondre \u00e0 [&hellip;]<\/p>\n","protected":false},"author":1,"featured_media":12319,"comment_status":"open","ping_status":"open","sticky":false,"template":"","format":"standard","meta":{"ngg_post_thumbnail":0},"categories":[2],"tags":[],"_links":{"self":[{"href":"https:\/\/www.culture.gouv.sn\/index.php\/wp-json\/wp\/v2\/posts\/12318"}],"collection":[{"href":"https:\/\/www.culture.gouv.sn\/index.php\/wp-json\/wp\/v2\/posts"}],"about":[{"href":"https:\/\/www.culture.gouv.sn\/index.php\/wp-json\/wp\/v2\/types\/post"}],"author":[{"embeddable":true,"href":"https:\/\/www.culture.gouv.sn\/index.php\/wp-json\/wp\/v2\/users\/1"}],"replies":[{"embeddable":true,"href":"https:\/\/www.culture.gouv.sn\/index.php\/wp-json\/wp\/v2\/comments?post=12318"}],"version-history":[{"count":1,"href":"https:\/\/www.culture.gouv.sn\/index.php\/wp-json\/wp\/v2\/posts\/12318\/revisions"}],"predecessor-version":[{"id":12327,"href":"https:\/\/www.culture.gouv.sn\/index.php\/wp-json\/wp\/v2\/posts\/12318\/revisions\/12327"}],"wp:featuredmedia":[{"embeddable":true,"href":"https:\/\/www.culture.gouv.sn\/index.php\/wp-json\/wp\/v2\/media\/12319"}],"wp:attachment":[{"href":"https:\/\/www.culture.gouv.sn\/index.php\/wp-json\/wp\/v2\/media?parent=12318"}],"wp:term":[{"taxonomy":"category","embeddable":true,"href":"https:\/\/www.culture.gouv.sn\/index.php\/wp-json\/wp\/v2\/categories?post=12318"},{"taxonomy":"post_tag","embeddable":true,"href":"https:\/\/www.culture.gouv.sn\/index.php\/wp-json\/wp\/v2\/tags?post=12318"}],"curies":[{"name":"wp","href":"https:\/\/api.w.org\/{rel}","templated":true}]}}