{"id":12330,"date":"2023-02-10T18:51:20","date_gmt":"2023-02-10T18:51:20","guid":{"rendered":"http:\/\/www.culture.gouv.sn\/?p=12330"},"modified":"2023-02-10T18:51:20","modified_gmt":"2023-02-10T18:51:20","slug":"clap-de-fin-festival-de-louxor-deux-films-senegalais-primes","status":"publish","type":"post","link":"https:\/\/www.culture.gouv.sn\/index.php\/2023\/02\/10\/clap-de-fin-festival-de-louxor-deux-films-senegalais-primes\/","title":{"rendered":"Clap de fin  Festival de Louxor: Deux films S\u00e9n\u00e9galais prim\u00e9s"},"content":{"rendered":"<div id=\"pl-12330\"  class=\"panel-layout\" ><div id=\"pg-12330-0\"  class=\"panel-grid panel-no-style\" ><div id=\"pgc-12330-0-0\"  class=\"panel-grid-cell\" ><div id=\"panel-12330-0-0-0\" class=\"so-panel widget widget_text panel-first-child panel-last-child\" data-index=\"0\" ><h3 class=\"widget-title\">Clap de fin Festival de Louxor: Deux films S\u00e9n\u00e9galais prim\u00e9s<\/h3>\t\t\t<div class=\"textwidget\"><div dir=\"auto\">La d\u00e9l\u00e9gation s\u00e9n\u00e9galaise au Festival du film africain de Louxor en Egypte n&rsquo;est pa rentr\u00e9e avec les mains vides. En effef, cet \u00e9v\u00e9nement cin\u00e9matographique a consacr\u00e9 le film \u00ab\u00a0la danse des B\u00e9quilles\u00a0\u00bb de Yoro Lidel Niang qui remporte le Masque d\u2019Or Tutankanon du court m\u00e9trage alors que Moussa S\u00e8ne Absa remporte le Prix de la Shabab Foundation.<\/div>\n<div dir=\"auto\">Le festival du film africain de Louxor a eu lieu du 4 au 10 f\u00e9vrier 2023.<\/div>\n<\/div>\n\t\t<\/div><\/div><\/div><\/div>","protected":false},"excerpt":{"rendered":"<p>La d\u00e9l\u00e9gation s\u00e9n\u00e9galaise au Festival du film africain de Louxor en Egypte n&rsquo;est pa rentr\u00e9e avec les mains vides. En effef, cet \u00e9v\u00e9nement cin\u00e9matographique a consacr\u00e9 le film \u00ab\u00a0la danse des B\u00e9quilles\u00a0\u00bb de Yoro Lidel Niang qui remporte le Masque d\u2019Or Tutankanon du court m\u00e9trage alors que Moussa S\u00e8ne Absa remporte le Prix de la [&hellip;]<\/p>\n","protected":false},"author":1,"featured_media":12331,"comment_status":"open","ping_status":"open","sticky":false,"template":"","format":"standard","meta":{"ngg_post_thumbnail":0},"categories":[2],"tags":[],"_links":{"self":[{"href":"https:\/\/www.culture.gouv.sn\/index.php\/wp-json\/wp\/v2\/posts\/12330"}],"collection":[{"href":"https:\/\/www.culture.gouv.sn\/index.php\/wp-json\/wp\/v2\/posts"}],"about":[{"href":"https:\/\/www.culture.gouv.sn\/index.php\/wp-json\/wp\/v2\/types\/post"}],"author":[{"embeddable":true,"href":"https:\/\/www.culture.gouv.sn\/index.php\/wp-json\/wp\/v2\/users\/1"}],"replies":[{"embeddable":true,"href":"https:\/\/www.culture.gouv.sn\/index.php\/wp-json\/wp\/v2\/comments?post=12330"}],"version-history":[{"count":1,"href":"https:\/\/www.culture.gouv.sn\/index.php\/wp-json\/wp\/v2\/posts\/12330\/revisions"}],"predecessor-version":[{"id":12332,"href":"https:\/\/www.culture.gouv.sn\/index.php\/wp-json\/wp\/v2\/posts\/12330\/revisions\/12332"}],"wp:featuredmedia":[{"embeddable":true,"href":"https:\/\/www.culture.gouv.sn\/index.php\/wp-json\/wp\/v2\/media\/12331"}],"wp:attachment":[{"href":"https:\/\/www.culture.gouv.sn\/index.php\/wp-json\/wp\/v2\/media?parent=12330"}],"wp:term":[{"taxonomy":"category","embeddable":true,"href":"https:\/\/www.culture.gouv.sn\/index.php\/wp-json\/wp\/v2\/categories?post=12330"},{"taxonomy":"post_tag","embeddable":true,"href":"https:\/\/www.culture.gouv.sn\/index.php\/wp-json\/wp\/v2\/tags?post=12330"}],"curies":[{"name":"wp","href":"https:\/\/api.w.org\/{rel}","templated":true}]}}