{"id":12337,"date":"2023-02-16T19:16:06","date_gmt":"2023-02-16T19:16:06","guid":{"rendered":"http:\/\/www.culture.gouv.sn\/?p=12337"},"modified":"2023-02-16T19:30:26","modified_gmt":"2023-02-16T19:30:26","slug":"le-ministre-de-la-culture-et-du-patrimoine-historique-professeur-aliou-sow-recoit-le-realisateur-yoro-lidel-niang","status":"publish","type":"post","link":"https:\/\/www.culture.gouv.sn\/index.php\/2023\/02\/16\/le-ministre-de-la-culture-et-du-patrimoine-historique-professeur-aliou-sow-recoit-le-realisateur-yoro-lidel-niang\/","title":{"rendered":"Le Ministre de la Culture et du Patrimoine Historique, Professeur Aliou Sow re\u00e7oit le r\u00e9alisateur Yoro Lidel Niang"},"content":{"rendered":"\n<p><strong>Le Ministre de la Culture et du Patrimoine Historique, Professeur Aliou Sow a re\u00e7u ce Jeudi 16 F\u00e9vrier 2023 Monsieur Yoro Lidel Niang. Le r\u00e9alisateur s\u00e9n\u00e9galais a remport\u00e9 le Masque d&rsquo;or Tutankanon lors du Festival Africain de Louxor qui s&rsquo;est tenu en Egypte du 4 au 10 F\u00e9vrier 2023.<\/strong><\/p>\n\n\n\n<figure class=\"wp-block-image size-large\"><img loading=\"lazy\" width=\"592\" height=\"1024\" src=\"https:\/\/www.culture.gouv.sn\/wp-content\/uploads\/2023\/02\/image-592x1024.jpeg\" alt=\"\" class=\"wp-image-12367\" srcset=\"https:\/\/www.culture.gouv.sn\/wp-content\/uploads\/2023\/02\/image-592x1024.jpeg 592w, https:\/\/www.culture.gouv.sn\/wp-content\/uploads\/2023\/02\/image-173x300.jpeg 173w, https:\/\/www.culture.gouv.sn\/wp-content\/uploads\/2023\/02\/image-14x24.jpeg 14w, https:\/\/www.culture.gouv.sn\/wp-content\/uploads\/2023\/02\/image-21x36.jpeg 21w, https:\/\/www.culture.gouv.sn\/wp-content\/uploads\/2023\/02\/image-28x48.jpeg 28w, https:\/\/www.culture.gouv.sn\/wp-content\/uploads\/2023\/02\/image-600x1038.jpeg 600w, https:\/\/www.culture.gouv.sn\/wp-content\/uploads\/2023\/02\/image.jpeg 740w\" sizes=\"(max-width: 592px) 100vw, 592px\" \/><\/figure>\n\n\n\n<p><br>Cette audience a \u00e9t\u00e9 une occasion pour Monsieur le Ministre Aliou Sow de magnifier qui a \u00e9t\u00e9 r\u00e9alis\u00e9 par Monsieur Niang \u00e0 travers son film \u00ab\u00a0La danse des b\u00e9quilles\u00a0\u00bb. Le Professeur Aliou Sow estime en effet qu&rsquo;une oeuvre d&rsquo;art d&rsquo;une telle qualit\u00e9 contribue au rayonnement du cin\u00e9ma s\u00e9n\u00e9galais \u00e0 travers l&rsquo;Afrique en particulier et le monde en g\u00e9n\u00e9ral. Selon Monsieur Yoro Lidel Niang, cette audience f\u00fbt un fort moment reconnaissance, de g\u00e9n\u00e9rosit\u00e9 et de motivation.<\/p>\n\n\n\n<figure class=\"wp-block-image size-large\"><img loading=\"lazy\" width=\"1024\" height=\"767\" src=\"http:\/\/www.culture.gouv.sn\/wp-content\/uploads\/2023\/02\/image-1-1024x767.jpeg\" alt=\"\" class=\"wp-image-12368\" srcset=\"https:\/\/www.culture.gouv.sn\/wp-content\/uploads\/2023\/02\/image-1-1024x767.jpeg 1024w, https:\/\/www.culture.gouv.sn\/wp-content\/uploads\/2023\/02\/image-1-300x225.jpeg 300w, https:\/\/www.culture.gouv.sn\/wp-content\/uploads\/2023\/02\/image-1-768x575.jpeg 768w, https:\/\/www.culture.gouv.sn\/wp-content\/uploads\/2023\/02\/image-1-1536x1151.jpeg 1536w, https:\/\/www.culture.gouv.sn\/wp-content\/uploads\/2023\/02\/image-1-2048x1534.jpeg 2048w, https:\/\/www.culture.gouv.sn\/wp-content\/uploads\/2023\/02\/image-1-24x18.jpeg 24w, https:\/\/www.culture.gouv.sn\/wp-content\/uploads\/2023\/02\/image-1-36x27.jpeg 36w, https:\/\/www.culture.gouv.sn\/wp-content\/uploads\/2023\/02\/image-1-48x36.jpeg 48w, https:\/\/www.culture.gouv.sn\/wp-content\/uploads\/2023\/02\/image-1-600x450.jpeg 600w, https:\/\/www.culture.gouv.sn\/wp-content\/uploads\/2023\/02\/image-1-1000x749.jpeg 1000w\" sizes=\"(max-width: 1024px) 100vw, 1024px\" \/><\/figure>\n\n\n\n<p><br>\u2018\u2019La danse des b\u00e9quilles\u2019\u2019  est un film engag\u00e9 qui aborde le th\u00e8me du handicap. Personne \u00e0 mobilit\u00e9 r\u00e9duite, passionn\u00e9e de danse, Penda, le personnage principal, a un incroyable talent. Mais sa m\u00e8re est une ancienne danseuse qui croule sous le poids de la pauvret\u00e9. Et cette derni\u00e8re vit gr\u00e2ce aux offrandes que sa fille re\u00e7oit quotidiennement dans la rue. C\u2019est dans la rue, par le plus grand des hasards, que Penda obtient l\u2019opportunit\u00e9 de voir son r\u00eave d\u2019enfant se r\u00e9aliser. Un jour, sur sa chaise roulante, \u00e9couteur aux oreilles, visage magnifiquement maquill\u00e9 comme toujours, dansant sur sa chaise et se moquant du regard des passants, elle rencontre Balla, un ma\u00eetre de danse qu\u2019elle admire.<\/p>\n\n\n\n<p>\u00c9bahi par le talent de la dame, Balla va pouvoir l\u2019aider \u00e0 acc\u00e9der sur sc\u00e8ne, mais Penda devra \u00e9galement convaincre sa m\u00e8re. Fuyant le risque de ne plus avoir d\u2019entr\u00e9e d\u2019argent, dans un premier temps, cette derni\u00e8re refuse de laisser sa fille pratiquer la danse, indiquant qu\u2019elle la prot\u00e8ge contre d\u2019\u00e9ventuelles moqueries. Penda, l&rsquo;h\u00e9ro\u00efne du r\u00e9alisateur qui est lui-m\u00eame dans une situation de handicap, d\u00e9fie les id\u00e9es re\u00e7ues et donne parole au corps. Ambitieuse et courageuse, elle poursuit son chemin dans une soci\u00e9t\u00e9 con\u00e7ue pour les personnes dites \u2018\u2019normales\u2019\u2019. Lorsqu\u2019elle est en action, elle d\u00e9gage une force incroyable, une \u00e9nergie vive.<\/p>\n\n\n\n<p>Ainsi, bien qu\u2019elle soit victime d\u2019un handicap, Penda a r\u00e9ussi \u00e0 montrer \u00e0 sa m\u00e8re et \u00e0 la soci\u00e9t\u00e9 qu\u2019elle peut faire carri\u00e8re dans la danse et r\u00e9ussir l\u00e0 o\u00f9 d\u2019autres personnes ont \u00e9chou\u00e9. D\u2019ailleurs, sa m\u00e8re a finalement chant\u00e9 ses louanges lorsqu&rsquo;elle l\u2019a vue sur sc\u00e8ne et lui a ainsi donn\u00e9 sa b\u00e9n\u00e9diction.<\/p>\n\n\n\n<p>&nbsp;\u2018\u2019La danse des b\u00e9quilles\u2019\u2019 est port\u00e9 par les productions Cinekap (S\u00e9n\u00e9gal) et Onezik (Burkina). C\u2019est la danseuse Coumba D\u00e8me aka Anna qui a incarn\u00e9 le personnage principal du film.<\/p>\n","protected":false},"excerpt":{"rendered":"<p>Le Ministre de la Culture et du Patrimoine Historique, Professeur Aliou Sow a re\u00e7u ce Jeudi 16 F\u00e9vrier 2023 Monsieur Yoro Lidel Niang. Le r\u00e9alisateur s\u00e9n\u00e9galais a remport\u00e9 le Masque d&rsquo;or Tutankanon lors du Festival Africain de Louxor qui s&rsquo;est tenu en Egypte du 4 au 10 F\u00e9vrier 2023. Cette audience a \u00e9t\u00e9 une occasion [&hellip;]<\/p>\n","protected":false},"author":1,"featured_media":12368,"comment_status":"open","ping_status":"open","sticky":true,"template":"","format":"standard","meta":{"ngg_post_thumbnail":0},"categories":[2],"tags":[],"_links":{"self":[{"href":"https:\/\/www.culture.gouv.sn\/index.php\/wp-json\/wp\/v2\/posts\/12337"}],"collection":[{"href":"https:\/\/www.culture.gouv.sn\/index.php\/wp-json\/wp\/v2\/posts"}],"about":[{"href":"https:\/\/www.culture.gouv.sn\/index.php\/wp-json\/wp\/v2\/types\/post"}],"author":[{"embeddable":true,"href":"https:\/\/www.culture.gouv.sn\/index.php\/wp-json\/wp\/v2\/users\/1"}],"replies":[{"embeddable":true,"href":"https:\/\/www.culture.gouv.sn\/index.php\/wp-json\/wp\/v2\/comments?post=12337"}],"version-history":[{"count":5,"href":"https:\/\/www.culture.gouv.sn\/index.php\/wp-json\/wp\/v2\/posts\/12337\/revisions"}],"predecessor-version":[{"id":12380,"href":"https:\/\/www.culture.gouv.sn\/index.php\/wp-json\/wp\/v2\/posts\/12337\/revisions\/12380"}],"wp:featuredmedia":[{"embeddable":true,"href":"https:\/\/www.culture.gouv.sn\/index.php\/wp-json\/wp\/v2\/media\/12368"}],"wp:attachment":[{"href":"https:\/\/www.culture.gouv.sn\/index.php\/wp-json\/wp\/v2\/media?parent=12337"}],"wp:term":[{"taxonomy":"category","embeddable":true,"href":"https:\/\/www.culture.gouv.sn\/index.php\/wp-json\/wp\/v2\/categories?post=12337"},{"taxonomy":"post_tag","embeddable":true,"href":"https:\/\/www.culture.gouv.sn\/index.php\/wp-json\/wp\/v2\/tags?post=12337"}],"curies":[{"name":"wp","href":"https:\/\/api.w.org\/{rel}","templated":true}]}}