{"id":12340,"date":"2023-02-16T17:43:26","date_gmt":"2023-02-16T17:43:26","guid":{"rendered":"http:\/\/www.culture.gouv.sn\/?p=12340"},"modified":"2023-02-16T19:31:45","modified_gmt":"2023-02-16T19:31:45","slug":"matam-le-ministre-de-la-culture-et-du-patrimoine-historique-represente-le-president-de-la-republiquejournees-culturelles-de-la-lignee-des-guerriers-pulars","status":"publish","type":"post","link":"https:\/\/www.culture.gouv.sn\/index.php\/2023\/02\/16\/matam-le-ministre-de-la-culture-et-du-patrimoine-historique-represente-le-president-de-la-republiquejournees-culturelles-de-la-lignee-des-guerriers-pulars\/","title":{"rendered":"Le Ministre de la Culture et du Patrimoine Historique, Monsieur Aliou Sow \u00e0 Matam pour repr\u00e9senter le Pr\u00e9sident de la R\u00e9publique"},"content":{"rendered":"<p><strong>Accompagn\u00e9 du Gouverneur de Matam, du DG de Sorano, de l\u2019Administrateur g\u00e9n\u00e9ral du&nbsp;Monument de la Renaissance africaine et du Directeur du Centre culturel de Matam, le Ministre Aliou Sow a repr\u00e9sent\u00e9 le Pr\u00e9sident de la R\u00e9publique aux Journ\u00e9es culturelles de la lign\u00e9e des guerriers Pulars appel\u00e9s les Sebbe Koliyabe \u00e0 Nguidjilogne, commune d\u2019origine de ses parents. Plus d\u2019une trentaine de d\u00e9l\u00e9gations de&nbsp;Sebbe venues de tous les coins et recoins du Fouta et de la Mauritanie ont ralli\u00e9 ce village moderne riche de hauts faits.<\/strong><img loading=\"lazy\" class=\"wp-image-12342 alignleft\" src=\"http:\/\/www.culture.gouv.sn\/wp-content\/uploads\/2023\/02\/IMG_7455-300x227.jpeg\" alt=\"\" width=\"391\" height=\"295\"><\/p>\n<p>D\u2019exceptionnelles formes d\u2019expressions culturelles et artistiques en plus des belles particularit\u00e9s du Teeddungal Foutankobe qu\u2019 y ont \u00e9t\u00e9 not\u00e9es au grand bonheur des populations. Les brillants communicateurs Daha SECK, le Farba Ngu\u00e9nar et un de ses anciens \u00e9tudiants devenu professeur ont magistralement g\u00e9r\u00e9 le d\u00e9roulement de la c\u00e9r\u00e9monie en faisant revisiter des s\u00e9quences de l\u2019histoire du Fouta. Amadou Macky SALL \u00e9tait le parrain et Aissata Aliou SALL, la marraine.<\/p>\n<p><img loading=\"lazy\" class=\"size-medium wp-image-12341 alignright\" src=\"http:\/\/www.culture.gouv.sn\/wp-content\/uploads\/2023\/02\/IMG_7457-213x300.jpeg\" alt=\"\" width=\"213\" height=\"300\" srcset=\"https:\/\/www.culture.gouv.sn\/wp-content\/uploads\/2023\/02\/IMG_7457-213x300.jpeg 213w, https:\/\/www.culture.gouv.sn\/wp-content\/uploads\/2023\/02\/IMG_7457-728x1024.jpeg 728w, https:\/\/www.culture.gouv.sn\/wp-content\/uploads\/2023\/02\/IMG_7457-768x1080.jpeg 768w, https:\/\/www.culture.gouv.sn\/wp-content\/uploads\/2023\/02\/IMG_7457-1093x1536.jpeg 1093w, https:\/\/www.culture.gouv.sn\/wp-content\/uploads\/2023\/02\/IMG_7457-17x24.jpeg 17w, https:\/\/www.culture.gouv.sn\/wp-content\/uploads\/2023\/02\/IMG_7457-26x36.jpeg 26w, https:\/\/www.culture.gouv.sn\/wp-content\/uploads\/2023\/02\/IMG_7457-34x48.jpeg 34w, https:\/\/www.culture.gouv.sn\/wp-content\/uploads\/2023\/02\/IMG_7457-600x843.jpeg 600w, https:\/\/www.culture.gouv.sn\/wp-content\/uploads\/2023\/02\/IMG_7457-1000x1406.jpeg 1000w, https:\/\/www.culture.gouv.sn\/wp-content\/uploads\/2023\/02\/IMG_7457.jpeg 1141w\" sizes=\"(max-width: 213px) 100vw, 213px\" \/><\/p>\n<p>Le hasard de l\u2019histoire a fait que le professeur Aliou Sow a eu l\u2019honneur de conduire tout le processus d\u2019\u00e9largissement de Nguidjilogne en collectivit\u00e9 territoriale. La politique d\u2019\u00e9quit\u00e9 territoriale du Pr\u00e9sident de la R\u00e9publique, SEM Macky SALL, a permis de d\u00e9senclaver des milliers de villages en une<br>d\u00e9cennie et de les doter d&rsquo;infrastructures modernes.<\/p>\n<p>En 2004, dans le cadre de ses tourn\u00e9es nationales des vacances citoyennes, il s\u2019\u00e9tait rendu \u00e0 Nguidjilogne avec son<br>\u00e9quipe en pirogues et vedettes. Aujourd\u2019hui, il ne reste qu\u2019\u00e0 finaliser une partie de la route du&nbsp;Dande Maayo, la principale dol\u00e9ance des populations.<\/p>\n<p><img loading=\"lazy\" class=\"wp-image-12343 alignleft\" src=\"http:\/\/www.culture.gouv.sn\/wp-content\/uploads\/2023\/02\/IMG_7456-300x260.jpeg\" alt=\"\" width=\"342\" height=\"296\" srcset=\"https:\/\/www.culture.gouv.sn\/wp-content\/uploads\/2023\/02\/IMG_7456-300x260.jpeg 300w, https:\/\/www.culture.gouv.sn\/wp-content\/uploads\/2023\/02\/IMG_7456-1024x887.jpeg 1024w, https:\/\/www.culture.gouv.sn\/wp-content\/uploads\/2023\/02\/IMG_7456-768x666.jpeg 768w, https:\/\/www.culture.gouv.sn\/wp-content\/uploads\/2023\/02\/IMG_7456-24x21.jpeg 24w, https:\/\/www.culture.gouv.sn\/wp-content\/uploads\/2023\/02\/IMG_7456-36x31.jpeg 36w, https:\/\/www.culture.gouv.sn\/wp-content\/uploads\/2023\/02\/IMG_7456-48x42.jpeg 48w, https:\/\/www.culture.gouv.sn\/wp-content\/uploads\/2023\/02\/IMG_7456-600x520.jpeg 600w, https:\/\/www.culture.gouv.sn\/wp-content\/uploads\/2023\/02\/IMG_7456-1000x867.jpeg 1000w, https:\/\/www.culture.gouv.sn\/wp-content\/uploads\/2023\/02\/IMG_7456.jpeg 1139w\" sizes=\"(max-width: 342px) 100vw, 342px\" \/><\/p>\n<p>Le ministre Aliou Sow a tenu \u00e0 remercier le Secr\u00e9taire g\u00e9n\u00e9ral adjoint de la Pr\u00e9sidence de la R\u00e9publique, M Diatourou Ndiaye et toutes les autorit\u00e9s locales qui leurs ont mis dans d\u2019excellentes conditions de s\u00e9jour dans leur beau et mythique village.<\/p>\n\n\n<p><\/p>\n","protected":false},"excerpt":{"rendered":"<p>Accompagn\u00e9 du Gouverneur de Matam, du DG de Sorano, de l\u2019Administrateur g\u00e9n\u00e9ral du&nbsp;Monument de la Renaissance africaine et du Directeur du Centre culturel de Matam, le Ministre Aliou Sow a repr\u00e9sent\u00e9 le Pr\u00e9sident de la R\u00e9publique aux Journ\u00e9es culturelles de la lign\u00e9e des guerriers Pulars appel\u00e9s les Sebbe Koliyabe \u00e0 Nguidjilogne, commune d\u2019origine de ses [&hellip;]<\/p>\n","protected":false},"author":1,"featured_media":12344,"comment_status":"open","ping_status":"open","sticky":true,"template":"","format":"standard","meta":{"ngg_post_thumbnail":0},"categories":[2],"tags":[],"_links":{"self":[{"href":"https:\/\/www.culture.gouv.sn\/index.php\/wp-json\/wp\/v2\/posts\/12340"}],"collection":[{"href":"https:\/\/www.culture.gouv.sn\/index.php\/wp-json\/wp\/v2\/posts"}],"about":[{"href":"https:\/\/www.culture.gouv.sn\/index.php\/wp-json\/wp\/v2\/types\/post"}],"author":[{"embeddable":true,"href":"https:\/\/www.culture.gouv.sn\/index.php\/wp-json\/wp\/v2\/users\/1"}],"replies":[{"embeddable":true,"href":"https:\/\/www.culture.gouv.sn\/index.php\/wp-json\/wp\/v2\/comments?post=12340"}],"version-history":[{"count":7,"href":"https:\/\/www.culture.gouv.sn\/index.php\/wp-json\/wp\/v2\/posts\/12340\/revisions"}],"predecessor-version":[{"id":12382,"href":"https:\/\/www.culture.gouv.sn\/index.php\/wp-json\/wp\/v2\/posts\/12340\/revisions\/12382"}],"wp:featuredmedia":[{"embeddable":true,"href":"https:\/\/www.culture.gouv.sn\/index.php\/wp-json\/wp\/v2\/media\/12344"}],"wp:attachment":[{"href":"https:\/\/www.culture.gouv.sn\/index.php\/wp-json\/wp\/v2\/media?parent=12340"}],"wp:term":[{"taxonomy":"category","embeddable":true,"href":"https:\/\/www.culture.gouv.sn\/index.php\/wp-json\/wp\/v2\/categories?post=12340"},{"taxonomy":"post_tag","embeddable":true,"href":"https:\/\/www.culture.gouv.sn\/index.php\/wp-json\/wp\/v2\/tags?post=12340"}],"curies":[{"name":"wp","href":"https:\/\/api.w.org\/{rel}","templated":true}]}}