{"id":12350,"date":"2023-02-16T18:44:43","date_gmt":"2023-02-16T18:44:43","guid":{"rendered":"http:\/\/www.culture.gouv.sn\/?p=12350"},"modified":"2023-02-16T19:29:52","modified_gmt":"2023-02-16T19:29:52","slug":"12350","status":"publish","type":"post","link":"https:\/\/www.culture.gouv.sn\/index.php\/2023\/02\/16\/12350\/","title":{"rendered":"Visite d&rsquo;amiti\u00e9 du Ministre de la Culture et du Patrimoine Historique \u00e0 Cuba"},"content":{"rendered":"<p><strong>Le Ministre de la Culture et du Patrimoine Historique, Professeur Aliou Sow a effectu\u00e9 une visite officielle au Cuba du 10 au 14 F\u00e9vrier 2023. Ce, pour r\u00e9pondre \u00e0 l&rsquo;invitation d&rsquo;Alpidio Alonso Grau \u00e0 l&rsquo;occasion de la 31\u00e8me \u00e9dition de la Foire Internationale du Livre de La Havane. Un s\u00e9jour riche dans ce pays d&rsquo;Am\u00e9rique Centrale o\u00f9 il \u00e9tait accompagn\u00e9 d&rsquo;une forte d\u00e9l\u00e9gation compos\u00e9e entre autres de Monsieur Ibrahima L\u00f4, Directeur du Livre et de la Lecture, Madame Khady Ndoye, Conseill\u00e8re Technique et Madame Marieme Ba, Secr\u00e9taire G\u00e9n\u00e9rale de la Biennale de Dakar.<\/strong><\/p>\n<h2>R\u00e9union bilat\u00e9rale entre le Ministre cubain de la Culture, Alonso Grau et le Ministre de la Culture et du Patrimoine Historique du S\u00e9n\u00e9gal, Professeur Aliou Sow&nbsp;<\/h2>\n<p><img loading=\"lazy\" class=\"wp-image-12353 aligncenter\" src=\"http:\/\/www.culture.gouv.sn\/wp-content\/uploads\/2023\/02\/IMG_7463-300x216.jpeg\" alt=\"\" width=\"529\" height=\"381\" srcset=\"https:\/\/www.culture.gouv.sn\/wp-content\/uploads\/2023\/02\/IMG_7463-300x216.jpeg 300w, https:\/\/www.culture.gouv.sn\/wp-content\/uploads\/2023\/02\/IMG_7463-768x553.jpeg 768w, https:\/\/www.culture.gouv.sn\/wp-content\/uploads\/2023\/02\/IMG_7463-24x17.jpeg 24w, https:\/\/www.culture.gouv.sn\/wp-content\/uploads\/2023\/02\/IMG_7463-36x26.jpeg 36w, https:\/\/www.culture.gouv.sn\/wp-content\/uploads\/2023\/02\/IMG_7463-48x35.jpeg 48w, https:\/\/www.culture.gouv.sn\/wp-content\/uploads\/2023\/02\/IMG_7463-600x432.jpeg 600w, https:\/\/www.culture.gouv.sn\/wp-content\/uploads\/2023\/02\/IMG_7463.jpeg 960w\" sizes=\"(max-width: 529px) 100vw, 529px\" \/><\/p>\n<p style=\"text-align: left;\">Cette visite f\u00fbt l&rsquo;occasion de tenir une r\u00e9union bilat\u00e9rale entre les deux pays au si\u00e8ge de la forteresse de San Carlos de la Cabana, les deux parties ont exprim\u00e9 leur volont\u00e9 de cr\u00e9er de nouvelles opportunit\u00e9s et voies de collaboration et de renforcer les \u00e9changes dans des domaines tels que l&rsquo;\u00e9ducation artistique, les \u00e9v\u00e9nements culturels et les projets artistiques.<\/p>\n<p>Selon Monsieur le Ministre de la Culture et du Patrimoine Historique du S\u00e9n\u00e9gal ont \u00e9t\u00e9 d\u00e9clin\u00e9s&nbsp; les grands axes de la politique culturelle d\u00e9finie par leurs chefs d&rsquo;\u00c9tat respectifs. De fortes convergences ont \u00e9t\u00e9 not\u00e9es et ont permis aux deux ministres de r\u00e9affirmer une ferme volont\u00e9 de raffermir les ponts entre La Havane et Dakar. Par le biais des m\u00e9canismes qu&rsquo;ils partagent mais aussi a travers les \u00e9v\u00e9nements majeurs de leurs agendas respectifs.<\/p>\n<p>C&rsquo;est dans ce cadre que se situe l&rsquo;invitation que le Professeur Aliou SOW a adress\u00e9e \u00e0 son homologue cubain d&rsquo;effectuer une visite officielle au S\u00e9n\u00e9gal. Apr\u00e8s avoir accepte cette &nbsp;invitation, le Ministre cubain a inform\u00e9 de la tenue au mois de mai prochain, d&rsquo;une importante rencontre du Groupe 77+la Chine dont l&rsquo;\u00eele assure la pr\u00e9sidence pour traiter des grandes questions qui interpellent l&rsquo;Humanit\u00e9. Le Senegal est vivement attendu et invit\u00e9 \u00e0 enrichir les r\u00e9flexions qui se tiendront \u00e0 l&rsquo;occasion.<\/p>\n<p dir=\"auto\"><img loading=\"lazy\" class=\" wp-image-12352 alignleft\" src=\"http:\/\/www.culture.gouv.sn\/wp-content\/uploads\/2023\/02\/BF207C27-9208-40E3-83AB-B9F1CE3BC295-300x169.jpeg\" alt=\"\" width=\"303\" height=\"171\" srcset=\"https:\/\/www.culture.gouv.sn\/wp-content\/uploads\/2023\/02\/BF207C27-9208-40E3-83AB-B9F1CE3BC295-300x169.jpeg 300w, https:\/\/www.culture.gouv.sn\/wp-content\/uploads\/2023\/02\/BF207C27-9208-40E3-83AB-B9F1CE3BC295-768x432.jpeg 768w, https:\/\/www.culture.gouv.sn\/wp-content\/uploads\/2023\/02\/BF207C27-9208-40E3-83AB-B9F1CE3BC295-24x14.jpeg 24w, https:\/\/www.culture.gouv.sn\/wp-content\/uploads\/2023\/02\/BF207C27-9208-40E3-83AB-B9F1CE3BC295-36x20.jpeg 36w, https:\/\/www.culture.gouv.sn\/wp-content\/uploads\/2023\/02\/BF207C27-9208-40E3-83AB-B9F1CE3BC295-48x27.jpeg 48w, https:\/\/www.culture.gouv.sn\/wp-content\/uploads\/2023\/02\/BF207C27-9208-40E3-83AB-B9F1CE3BC295-600x338.jpeg 600w, https:\/\/www.culture.gouv.sn\/wp-content\/uploads\/2023\/02\/BF207C27-9208-40E3-83AB-B9F1CE3BC295.jpeg 960w\" sizes=\"(max-width: 303px) 100vw, 303px\" \/>Le Ministre cubain de la Culture, Monsieur Alonso Grau assist\u00e9 d&rsquo;un de ses vice-ministres a d\u00e9cid\u00e9 de faire traduire en espagnol le livre de son homologue s\u00e9n\u00e9galais portant sur la renaissance africaine apr\u00e8s lui avoir offert un livre sur l&rsquo;histoire de l&rsquo;\u00eele. <span style=\"font-size: inherit;\">Il a \u00e9galement remerci\u00e9 le Ministre et sa d\u00e9l\u00e9gation pour leur pr\u00e9sence.<\/span><\/p>\n<h2 style=\"text-align: center;\"><strong>V<\/strong><strong>isite \u00e0 la Casa de Afric\u00e0<\/strong><\/h2>\n<p><img loading=\"lazy\" class=\"size-medium wp-image-12354 alignleft\" src=\"http:\/\/www.culture.gouv.sn\/wp-content\/uploads\/2023\/02\/IMG_7466-225x300.jpg\" alt=\"\" width=\"225\" height=\"300\" srcset=\"https:\/\/www.culture.gouv.sn\/wp-content\/uploads\/2023\/02\/IMG_7466-225x300.jpg 225w, https:\/\/www.culture.gouv.sn\/wp-content\/uploads\/2023\/02\/IMG_7466-768x1024.jpg 768w, https:\/\/www.culture.gouv.sn\/wp-content\/uploads\/2023\/02\/IMG_7466-300x400.jpg 300w, https:\/\/www.culture.gouv.sn\/wp-content\/uploads\/2023\/02\/IMG_7466-18x24.jpg 18w, https:\/\/www.culture.gouv.sn\/wp-content\/uploads\/2023\/02\/IMG_7466-27x36.jpg 27w, https:\/\/www.culture.gouv.sn\/wp-content\/uploads\/2023\/02\/IMG_7466-36x48.jpg 36w, https:\/\/www.culture.gouv.sn\/wp-content\/uploads\/2023\/02\/IMG_7466-600x800.jpg 600w, https:\/\/www.culture.gouv.sn\/wp-content\/uploads\/2023\/02\/IMG_7466.jpg 960w\" sizes=\"(max-width: 225px) 100vw, 225px\" \/>&nbsp;Lors de cette visite d&rsquo;amiti\u00e9 \u00e0 Cuba, le Ministre et sa d\u00e9l\u00e9gation se sont rendus \u00e0 la Casa de Afric\u00e0 (Maison de l&rsquo;Afrique). Le Professeur y a anim\u00e9 un panel sur la mani\u00e8re de mettre l&rsquo;intellectualit\u00e9 des Africains au service des peuples dans le cadre de la pr\u00e9sidence pro tempore de Cuba au groupe 77+Chine.<\/p>\n<p>En ce sens, Monsieur le ministre a appel\u00e9 \u00e0 la n\u00e9cessit\u00e9 d&rsquo;apprendre \u00e0 se conna\u00eetre en tant que pays, d&rsquo;\u00e9tablir des dialogues et de conna\u00eetre leur histoire.<\/p>\n<p>Des \u00e9changes approfondis et des visites du Centro Fidel Castro, du Museo Nacional de Bellas Artes, du Museo Nacional de la M\u00fasica r\u00e9cemment restaur\u00e9, du Centro Nacional de Escuelas de Arte et du Centro de Arte Contempor\u00e1neo Wifredo Lam ont rempli de joie le ministre et la d\u00e9l\u00e9gation qui l&rsquo;accompagnait. Une belle occasion de d\u00e9couvrir la culture cubaine dans toute sa splendeur.&nbsp;<\/p>\n<h2 style=\"text-align: center;\">Visite au Centre National des Ecoles d&rsquo;Art&nbsp;<\/h2>\n<p><img loading=\"lazy\" class=\" wp-image-12356 aligncenter\" src=\"http:\/\/www.culture.gouv.sn\/wp-content\/uploads\/2023\/02\/IMG_7465-300x225.jpg\" alt=\"\" width=\"332\" height=\"249\" srcset=\"https:\/\/www.culture.gouv.sn\/wp-content\/uploads\/2023\/02\/IMG_7465-300x225.jpg 300w, https:\/\/www.culture.gouv.sn\/wp-content\/uploads\/2023\/02\/IMG_7465-1024x768.jpg 1024w, https:\/\/www.culture.gouv.sn\/wp-content\/uploads\/2023\/02\/IMG_7465-768x576.jpg 768w, https:\/\/www.culture.gouv.sn\/wp-content\/uploads\/2023\/02\/IMG_7465-24x18.jpg 24w, https:\/\/www.culture.gouv.sn\/wp-content\/uploads\/2023\/02\/IMG_7465-36x27.jpg 36w, https:\/\/www.culture.gouv.sn\/wp-content\/uploads\/2023\/02\/IMG_7465-48x36.jpg 48w, https:\/\/www.culture.gouv.sn\/wp-content\/uploads\/2023\/02\/IMG_7465-600x450.jpg 600w, https:\/\/www.culture.gouv.sn\/wp-content\/uploads\/2023\/02\/IMG_7465-1000x750.jpg 1000w, https:\/\/www.culture.gouv.sn\/wp-content\/uploads\/2023\/02\/IMG_7465.jpg 1280w\" sizes=\"(max-width: 332px) 100vw, 332px\" \/><\/p>\n<p>Enfin, le Ministre de la Culture et du Patrimoine Historique s&rsquo;est rendu au Centre National&nbsp; des Ecoles d&rsquo;Art qui polarise l&rsquo;Ecole nationale des Arts, le Ministre de la Culture et du Patrimoine Historique renseigne avoir \u00e9t\u00e9 bien re\u00e7u.<\/p>\n<p>\u00ab\u00a0Avec&nbsp;son r\u00e9seau de 137 \u00e9coles d&rsquo;arts (tous niveaux confondus r\u00e9partis dans diff\u00e9rentes provinces du pays) et l&rsquo;Institut sup\u00e9rieur. J&rsquo;ai pu visiter les \u00e9coles de danse, de musique et d&rsquo;arts plastiques et voir les acteurs \u00e0 l&rsquo;\u0153uvre. De belles prestations par les \u00e9tudiants nous ont \u00e9t\u00e9 gratifi\u00e9es. De belles perspectives de partenariat dynamique avec l&rsquo;Ecole nationale des Arts et des M\u00e9tiers de la Culture qui sera compl\u00e8tement r\u00e9form\u00e9e et mise aux normes de la dimension du rayonnement culturel du S\u00e9n\u00e9gal sont envisag\u00e9es\u00a0\u00bb, a conclu le ministre lors de ce dernier d\u00e9placement qu&rsquo;il a fait dans le cadre de sa visite d&rsquo;amiti\u00e9 \u00e0 Cuba.<\/p>\n<p><img loading=\"lazy\" class=\"size-medium wp-image-12355 aligncenter\" src=\"http:\/\/www.culture.gouv.sn\/wp-content\/uploads\/2023\/02\/IMG_7467-300x219.jpg\" alt=\"\" width=\"300\" height=\"219\" srcset=\"https:\/\/www.culture.gouv.sn\/wp-content\/uploads\/2023\/02\/IMG_7467-300x219.jpg 300w, https:\/\/www.culture.gouv.sn\/wp-content\/uploads\/2023\/02\/IMG_7467-1024x749.jpg 1024w, https:\/\/www.culture.gouv.sn\/wp-content\/uploads\/2023\/02\/IMG_7467-768x562.jpg 768w, https:\/\/www.culture.gouv.sn\/wp-content\/uploads\/2023\/02\/IMG_7467-24x18.jpg 24w, https:\/\/www.culture.gouv.sn\/wp-content\/uploads\/2023\/02\/IMG_7467-36x26.jpg 36w, https:\/\/www.culture.gouv.sn\/wp-content\/uploads\/2023\/02\/IMG_7467-48x35.jpg 48w, https:\/\/www.culture.gouv.sn\/wp-content\/uploads\/2023\/02\/IMG_7467-600x439.jpg 600w, https:\/\/www.culture.gouv.sn\/wp-content\/uploads\/2023\/02\/IMG_7467-1000x731.jpg 1000w, https:\/\/www.culture.gouv.sn\/wp-content\/uploads\/2023\/02\/IMG_7467.jpg 1080w\" sizes=\"(max-width: 300px) 100vw, 300px\" \/><\/p>\n","protected":false},"excerpt":{"rendered":"<p>Le Ministre de la Culture et du Patrimoine Historique, Professeur Aliou Sow a effectu\u00e9 une visite officielle au Cuba du 10 au 14 F\u00e9vrier 2023. Ce, pour r\u00e9pondre \u00e0 l&rsquo;invitation d&rsquo;Alpidio Alonso Grau \u00e0 l&rsquo;occasion de la 31\u00e8me \u00e9dition de la Foire Internationale du Livre de La Havane. Un s\u00e9jour riche dans ce pays d&rsquo;Am\u00e9rique [&hellip;]<\/p>\n","protected":false},"author":1,"featured_media":12357,"comment_status":"open","ping_status":"open","sticky":true,"template":"","format":"standard","meta":{"ngg_post_thumbnail":0},"categories":[2],"tags":[],"_links":{"self":[{"href":"https:\/\/www.culture.gouv.sn\/index.php\/wp-json\/wp\/v2\/posts\/12350"}],"collection":[{"href":"https:\/\/www.culture.gouv.sn\/index.php\/wp-json\/wp\/v2\/posts"}],"about":[{"href":"https:\/\/www.culture.gouv.sn\/index.php\/wp-json\/wp\/v2\/types\/post"}],"author":[{"embeddable":true,"href":"https:\/\/www.culture.gouv.sn\/index.php\/wp-json\/wp\/v2\/users\/1"}],"replies":[{"embeddable":true,"href":"https:\/\/www.culture.gouv.sn\/index.php\/wp-json\/wp\/v2\/comments?post=12350"}],"version-history":[{"count":11,"href":"https:\/\/www.culture.gouv.sn\/index.php\/wp-json\/wp\/v2\/posts\/12350\/revisions"}],"predecessor-version":[{"id":12379,"href":"https:\/\/www.culture.gouv.sn\/index.php\/wp-json\/wp\/v2\/posts\/12350\/revisions\/12379"}],"wp:featuredmedia":[{"embeddable":true,"href":"https:\/\/www.culture.gouv.sn\/index.php\/wp-json\/wp\/v2\/media\/12357"}],"wp:attachment":[{"href":"https:\/\/www.culture.gouv.sn\/index.php\/wp-json\/wp\/v2\/media?parent=12350"}],"wp:term":[{"taxonomy":"category","embeddable":true,"href":"https:\/\/www.culture.gouv.sn\/index.php\/wp-json\/wp\/v2\/categories?post=12350"},{"taxonomy":"post_tag","embeddable":true,"href":"https:\/\/www.culture.gouv.sn\/index.php\/wp-json\/wp\/v2\/tags?post=12350"}],"curies":[{"name":"wp","href":"https:\/\/api.w.org\/{rel}","templated":true}]}}