{"id":12387,"date":"2023-02-18T19:54:23","date_gmt":"2023-02-18T19:54:23","guid":{"rendered":"http:\/\/www.culture.gouv.sn\/?p=12387"},"modified":"2023-02-18T19:59:06","modified_gmt":"2023-02-18T19:59:06","slug":"carnaval-2023-la-cooperation-culturelle-entre-le-senegal-et-la-guinee-bissau-en-marche","status":"publish","type":"post","link":"https:\/\/www.culture.gouv.sn\/index.php\/2023\/02\/18\/carnaval-2023-la-cooperation-culturelle-entre-le-senegal-et-la-guinee-bissau-en-marche\/","title":{"rendered":"Carnaval 2023 : La coop\u00e9ration culturelle entre le S\u00e9n\u00e9gal et la Guin\u00e9e-Bissau en Marche"},"content":{"rendered":"\n<p>Le Carnaval 2023 de la Guin\u00e9e-Bissau s\u2019est ouvert ce samedi 18 F\u00e9vrier 2023 \u00e0 l\u2019avenue Joa\u00f5 Bernardo Vieira en pr\u00e9sence d\u2019une forte d\u00e9l\u00e9gation du minist\u00e8re de la Culture et du Patrimoine historique.<\/p>\n\n\n\n<p>Repr\u00e9sent\u00e9 par l\u2019ambassadeur du S\u00e9n\u00e9gal en Guin\u00e9e-Bissau, Son Excellence Monsieur Ngor NDIAYE, le Ministre de la Culture et du Patrimoine Historique, Professeur Aliou Sow a adress\u00e9 ses salutations \u00e0 son homologue de la Guin\u00e9e-Bissau, Monsieur Augusto Gomes, Ministre de la culture, de la jeunesse et des sports.<\/p>\n\n\n\n<div class=\"wp-block-image\"><figure class=\"aligncenter size-large\"><img loading=\"lazy\" width=\"1024\" height=\"908\" src=\"http:\/\/www.culture.gouv.sn\/wp-content\/uploads\/2023\/02\/B0CF76D4-C140-405C-8137-3F2B730CE889-1024x908.jpeg\" alt=\"\" class=\"wp-image-12391\" srcset=\"https:\/\/www.culture.gouv.sn\/wp-content\/uploads\/2023\/02\/B0CF76D4-C140-405C-8137-3F2B730CE889-1024x908.jpeg 1024w, https:\/\/www.culture.gouv.sn\/wp-content\/uploads\/2023\/02\/B0CF76D4-C140-405C-8137-3F2B730CE889-300x266.jpeg 300w, https:\/\/www.culture.gouv.sn\/wp-content\/uploads\/2023\/02\/B0CF76D4-C140-405C-8137-3F2B730CE889-768x681.jpeg 768w, https:\/\/www.culture.gouv.sn\/wp-content\/uploads\/2023\/02\/B0CF76D4-C140-405C-8137-3F2B730CE889-1536x1362.jpeg 1536w, https:\/\/www.culture.gouv.sn\/wp-content\/uploads\/2023\/02\/B0CF76D4-C140-405C-8137-3F2B730CE889-2048x1817.jpeg 2048w, https:\/\/www.culture.gouv.sn\/wp-content\/uploads\/2023\/02\/B0CF76D4-C140-405C-8137-3F2B730CE889-24x21.jpeg 24w, https:\/\/www.culture.gouv.sn\/wp-content\/uploads\/2023\/02\/B0CF76D4-C140-405C-8137-3F2B730CE889-36x32.jpeg 36w, https:\/\/www.culture.gouv.sn\/wp-content\/uploads\/2023\/02\/B0CF76D4-C140-405C-8137-3F2B730CE889-48x43.jpeg 48w, https:\/\/www.culture.gouv.sn\/wp-content\/uploads\/2023\/02\/B0CF76D4-C140-405C-8137-3F2B730CE889-600x532.jpeg 600w, https:\/\/www.culture.gouv.sn\/wp-content\/uploads\/2023\/02\/B0CF76D4-C140-405C-8137-3F2B730CE889-1000x887.jpeg 1000w\" sizes=\"(max-width: 1024px) 100vw, 1024px\" \/><\/figure><\/div>\n\n\n\n<p>L\u2019occasion a aussi \u00e9t\u00e9 saisie pour annoncer qu\u2019une s\u00e9rie d\u2019accords va \u00eatre sign\u00e9e en vue de porter la coop\u00e9ration entre les deux pays \u00e0 un niveau jamais atteint.<\/p>\n\n\n\n<p>Le S\u00e9n\u00e9gal, via le minist\u00e8re de la Culture et du Patrimoine Historique s\u2019engage \u00e9galement \u00e0 accompagner la Guin\u00e9e-Bissau pour que ce carnaval devienne un \u00e9v\u00e9nement mondial.<\/p>\n\n\n\n<p>Cette ann\u00e9e pour l\u2019\u00e9dition 2023 du Carnaval de Guin\u00e9e-Bissau un grand d\u00e9fil\u00e9 se d\u00e9roulera sur l&rsquo;art\u00e8re principale de la ville de Bissau, l&rsquo;avenue des Combattants de la libert\u00e9 de la patrie, entre autres activit\u00e9s phares.<\/p>\n\n\n\n<figure class=\"wp-block-image\"><img alt=\"\"\/><\/figure>\n\n\n\n<h1><\/h1>\n","protected":false},"excerpt":{"rendered":"<p>Le Carnaval 2023 de la Guin\u00e9e-Bissau s\u2019est ouvert ce samedi 18 F\u00e9vrier 2023 \u00e0 l\u2019avenue Joa\u00f5 Bernardo Vieira en pr\u00e9sence d\u2019une forte d\u00e9l\u00e9gation du minist\u00e8re de la Culture et du Patrimoine historique. Repr\u00e9sent\u00e9 par l\u2019ambassadeur du S\u00e9n\u00e9gal en Guin\u00e9e-Bissau, Son Excellence Monsieur Ngor NDIAYE, le Ministre de la Culture et du Patrimoine Historique, Professeur Aliou [&hellip;]<\/p>\n","protected":false},"author":1,"featured_media":12389,"comment_status":"open","ping_status":"open","sticky":true,"template":"","format":"standard","meta":{"ngg_post_thumbnail":0},"categories":[2],"tags":[],"_links":{"self":[{"href":"https:\/\/www.culture.gouv.sn\/index.php\/wp-json\/wp\/v2\/posts\/12387"}],"collection":[{"href":"https:\/\/www.culture.gouv.sn\/index.php\/wp-json\/wp\/v2\/posts"}],"about":[{"href":"https:\/\/www.culture.gouv.sn\/index.php\/wp-json\/wp\/v2\/types\/post"}],"author":[{"embeddable":true,"href":"https:\/\/www.culture.gouv.sn\/index.php\/wp-json\/wp\/v2\/users\/1"}],"replies":[{"embeddable":true,"href":"https:\/\/www.culture.gouv.sn\/index.php\/wp-json\/wp\/v2\/comments?post=12387"}],"version-history":[{"count":2,"href":"https:\/\/www.culture.gouv.sn\/index.php\/wp-json\/wp\/v2\/posts\/12387\/revisions"}],"predecessor-version":[{"id":12392,"href":"https:\/\/www.culture.gouv.sn\/index.php\/wp-json\/wp\/v2\/posts\/12387\/revisions\/12392"}],"wp:featuredmedia":[{"embeddable":true,"href":"https:\/\/www.culture.gouv.sn\/index.php\/wp-json\/wp\/v2\/media\/12389"}],"wp:attachment":[{"href":"https:\/\/www.culture.gouv.sn\/index.php\/wp-json\/wp\/v2\/media?parent=12387"}],"wp:term":[{"taxonomy":"category","embeddable":true,"href":"https:\/\/www.culture.gouv.sn\/index.php\/wp-json\/wp\/v2\/categories?post=12387"},{"taxonomy":"post_tag","embeddable":true,"href":"https:\/\/www.culture.gouv.sn\/index.php\/wp-json\/wp\/v2\/tags?post=12387"}],"curies":[{"name":"wp","href":"https:\/\/api.w.org\/{rel}","templated":true}]}}