{"id":12403,"date":"2023-02-19T12:32:13","date_gmt":"2023-02-19T12:32:13","guid":{"rendered":"http:\/\/www.culture.gouv.sn\/?p=12403"},"modified":"2023-02-19T12:32:15","modified_gmt":"2023-02-19T12:32:15","slug":"le-ministre-de-la-culture-et-du-patrimoine-historique-invite-dhonneur-du-diner-de-gala-prospharm-2023","status":"publish","type":"post","link":"https:\/\/www.culture.gouv.sn\/index.php\/2023\/02\/19\/le-ministre-de-la-culture-et-du-patrimoine-historique-invite-dhonneur-du-diner-de-gala-prospharm-2023\/","title":{"rendered":"Le Ministre de la Culture et du Patrimoine Historique invit\u00e9 D\u2019Honneur du d\u00eener de gala Prospharm 2023"},"content":{"rendered":"\n<p>Le Ministre de la Culture et du Patrimoine Historique, Professeur Aliou Sow \u00e9tait ce samedi 17 F\u00e9vrier 2023 au d\u00eener de gala de la Promotion Sortante des \u00e9tudiants en Pharmacie de l\u2018Universit\u00e9 Cheikh Anta Diop de Dakar. Un \u00e9v\u00e9nement qui \u00e9tait plac\u00e9 sous son haut parrainage.<\/p>\n\n\n\n<figure class=\"wp-block-image size-large\"><img loading=\"lazy\" width=\"1024\" height=\"768\" src=\"http:\/\/www.culture.gouv.sn\/wp-content\/uploads\/2023\/02\/CE2F4501-223D-426E-B44F-01F68F5F3504.jpeg\" alt=\"\" class=\"wp-image-12407\" srcset=\"https:\/\/www.culture.gouv.sn\/wp-content\/uploads\/2023\/02\/CE2F4501-223D-426E-B44F-01F68F5F3504.jpeg 1024w, https:\/\/www.culture.gouv.sn\/wp-content\/uploads\/2023\/02\/CE2F4501-223D-426E-B44F-01F68F5F3504-300x225.jpeg 300w, https:\/\/www.culture.gouv.sn\/wp-content\/uploads\/2023\/02\/CE2F4501-223D-426E-B44F-01F68F5F3504-768x576.jpeg 768w, https:\/\/www.culture.gouv.sn\/wp-content\/uploads\/2023\/02\/CE2F4501-223D-426E-B44F-01F68F5F3504-24x18.jpeg 24w, https:\/\/www.culture.gouv.sn\/wp-content\/uploads\/2023\/02\/CE2F4501-223D-426E-B44F-01F68F5F3504-36x27.jpeg 36w, https:\/\/www.culture.gouv.sn\/wp-content\/uploads\/2023\/02\/CE2F4501-223D-426E-B44F-01F68F5F3504-48x36.jpeg 48w, https:\/\/www.culture.gouv.sn\/wp-content\/uploads\/2023\/02\/CE2F4501-223D-426E-B44F-01F68F5F3504-600x450.jpeg 600w, https:\/\/www.culture.gouv.sn\/wp-content\/uploads\/2023\/02\/CE2F4501-223D-426E-B44F-01F68F5F3504-1000x750.jpeg 1000w\" sizes=\"(max-width: 1024px) 100vw, 1024px\" \/><\/figure>\n\n\n\n<p>Apr\u00e8s avoir f\u00e9licit\u00e9 les organisateurs du d\u00eener de gala qui a \u00e9t\u00e9 une r\u00e9ussite, Professeur Aliou Sow a encourag\u00e9 et souhait\u00e9 pleins succ\u00e8s aux \u00e9tudiants sortants.<\/p>\n\n\n\n<div class=\"wp-block-image\"><figure class=\"aligncenter size-large\"><img loading=\"lazy\" width=\"1023\" height=\"766\" src=\"https:\/\/www.culture.gouv.sn\/wp-content\/uploads\/2023\/02\/image-3.jpeg\" alt=\"\" class=\"wp-image-12406\" srcset=\"https:\/\/www.culture.gouv.sn\/wp-content\/uploads\/2023\/02\/image-3.jpeg 1023w, https:\/\/www.culture.gouv.sn\/wp-content\/uploads\/2023\/02\/image-3-300x225.jpeg 300w, https:\/\/www.culture.gouv.sn\/wp-content\/uploads\/2023\/02\/image-3-768x575.jpeg 768w, https:\/\/www.culture.gouv.sn\/wp-content\/uploads\/2023\/02\/image-3-24x18.jpeg 24w, https:\/\/www.culture.gouv.sn\/wp-content\/uploads\/2023\/02\/image-3-36x27.jpeg 36w, https:\/\/www.culture.gouv.sn\/wp-content\/uploads\/2023\/02\/image-3-48x36.jpeg 48w, https:\/\/www.culture.gouv.sn\/wp-content\/uploads\/2023\/02\/image-3-600x449.jpeg 600w, https:\/\/www.culture.gouv.sn\/wp-content\/uploads\/2023\/02\/image-3-1000x749.jpeg 1000w\" sizes=\"(max-width: 1023px) 100vw, 1023px\" \/><\/figure><\/div>\n","protected":false},"excerpt":{"rendered":"<p>Le Ministre de la Culture et du Patrimoine Historique, Professeur Aliou Sow \u00e9tait ce samedi 17 F\u00e9vrier 2023 au d\u00eener de gala de la Promotion Sortante des \u00e9tudiants en Pharmacie de l\u2018Universit\u00e9 Cheikh Anta Diop de Dakar. Un \u00e9v\u00e9nement qui \u00e9tait plac\u00e9 sous son haut parrainage. Apr\u00e8s avoir f\u00e9licit\u00e9 les organisateurs du d\u00eener de gala [&hellip;]<\/p>\n","protected":false},"author":1,"featured_media":12405,"comment_status":"open","ping_status":"open","sticky":false,"template":"","format":"standard","meta":{"ngg_post_thumbnail":0},"categories":[2],"tags":[],"_links":{"self":[{"href":"https:\/\/www.culture.gouv.sn\/index.php\/wp-json\/wp\/v2\/posts\/12403"}],"collection":[{"href":"https:\/\/www.culture.gouv.sn\/index.php\/wp-json\/wp\/v2\/posts"}],"about":[{"href":"https:\/\/www.culture.gouv.sn\/index.php\/wp-json\/wp\/v2\/types\/post"}],"author":[{"embeddable":true,"href":"https:\/\/www.culture.gouv.sn\/index.php\/wp-json\/wp\/v2\/users\/1"}],"replies":[{"embeddable":true,"href":"https:\/\/www.culture.gouv.sn\/index.php\/wp-json\/wp\/v2\/comments?post=12403"}],"version-history":[{"count":1,"href":"https:\/\/www.culture.gouv.sn\/index.php\/wp-json\/wp\/v2\/posts\/12403\/revisions"}],"predecessor-version":[{"id":12408,"href":"https:\/\/www.culture.gouv.sn\/index.php\/wp-json\/wp\/v2\/posts\/12403\/revisions\/12408"}],"wp:featuredmedia":[{"embeddable":true,"href":"https:\/\/www.culture.gouv.sn\/index.php\/wp-json\/wp\/v2\/media\/12405"}],"wp:attachment":[{"href":"https:\/\/www.culture.gouv.sn\/index.php\/wp-json\/wp\/v2\/media?parent=12403"}],"wp:term":[{"taxonomy":"category","embeddable":true,"href":"https:\/\/www.culture.gouv.sn\/index.php\/wp-json\/wp\/v2\/categories?post=12403"},{"taxonomy":"post_tag","embeddable":true,"href":"https:\/\/www.culture.gouv.sn\/index.php\/wp-json\/wp\/v2\/tags?post=12403"}],"curies":[{"name":"wp","href":"https:\/\/api.w.org\/{rel}","templated":true}]}}