{"id":12409,"date":"2023-02-20T08:55:19","date_gmt":"2023-02-20T08:55:19","guid":{"rendered":"http:\/\/www.culture.gouv.sn\/?p=12409"},"modified":"2023-02-20T08:55:22","modified_gmt":"2023-02-20T08:55:22","slug":"un-accueil-tres-chaleureux-reserve-au-ministre-de-la-culture-et-du-patrimoine-historique-a-bissau","status":"publish","type":"post","link":"https:\/\/www.culture.gouv.sn\/index.php\/2023\/02\/20\/un-accueil-tres-chaleureux-reserve-au-ministre-de-la-culture-et-du-patrimoine-historique-a-bissau\/","title":{"rendered":"Un accueil tr\u00e8s chaleureux r\u00e9serv\u00e9 au Ministre de la Culture et du Patrimoine Historique \u00e0 Bissau"},"content":{"rendered":"\n<p>De l\u2019a\u00e9roport Osvaldo Vieira \u00e0 l\u2019Avenu Amilcar Cabral, c\u2019est une foule immense qui a accueilli le Ministre de la Culture et du Patrimoine Historique \u00e0 Bissau.<\/p>\n\n\n\n<div class=\"wp-block-image\"><figure class=\"aligncenter size-large\"><img loading=\"lazy\" width=\"1024\" height=\"768\" src=\"https:\/\/www.culture.gouv.sn\/wp-content\/uploads\/2023\/02\/image-5-1024x768.jpeg\" alt=\"\" class=\"wp-image-12412\" srcset=\"https:\/\/www.culture.gouv.sn\/wp-content\/uploads\/2023\/02\/image-5-1024x768.jpeg 1024w, https:\/\/www.culture.gouv.sn\/wp-content\/uploads\/2023\/02\/image-5-300x225.jpeg 300w, https:\/\/www.culture.gouv.sn\/wp-content\/uploads\/2023\/02\/image-5-768x576.jpeg 768w, https:\/\/www.culture.gouv.sn\/wp-content\/uploads\/2023\/02\/image-5-24x18.jpeg 24w, https:\/\/www.culture.gouv.sn\/wp-content\/uploads\/2023\/02\/image-5-36x27.jpeg 36w, https:\/\/www.culture.gouv.sn\/wp-content\/uploads\/2023\/02\/image-5-48x36.jpeg 48w, https:\/\/www.culture.gouv.sn\/wp-content\/uploads\/2023\/02\/image-5-600x450.jpeg 600w, https:\/\/www.culture.gouv.sn\/wp-content\/uploads\/2023\/02\/image-5-1000x750.jpeg 1000w, https:\/\/www.culture.gouv.sn\/wp-content\/uploads\/2023\/02\/image-5.jpeg 1280w\" sizes=\"(max-width: 1024px) 100vw, 1024px\" \/><\/figure><\/div>\n\n\n\n<p>Professeur Aliou Sow qui a foul\u00e9 le tarmac de l\u2019a\u00e9roport Bissau-guin\u00e9en vers 18h00 est l\u2019invit\u00e9 d\u2019honneur de son homologue  Augusto Gomes dans le cadre du Carnaval 2023.<\/p>\n\n\n\n<p>Les deux ministres sont dans une dynamique de revitalisations et de d\u00e9veloppement de la culture dans leurs pays respectifs. D\u2019ailleurs le Ministre Augusto Gomes \u00e9tait pr\u00e9sent au S\u00e9n\u00e9ga il y a de cela quelques semaines pour assister au Festival National des Arts et Cultures qui s\u2019est tenu du 21 au 28 Janvier 2023 \u00e0 Kaffrine.<\/p>\n\n\n\n<p>Cette visite du Ministre Aliou Sow sera l\u2019occasion de signer plusieurs accords dans le domaine culturel entre le S\u00e9n\u00e9gal et la Guin\u00e9e-Bissau.<\/p>\n\n\n\n<div class=\"wp-block-image\"><figure class=\"aligncenter size-large\"><img loading=\"lazy\" width=\"705\" height=\"389\" src=\"https:\/\/www.culture.gouv.sn\/wp-content\/uploads\/2023\/02\/image-7.jpeg\" alt=\"\" class=\"wp-image-12414\" srcset=\"https:\/\/www.culture.gouv.sn\/wp-content\/uploads\/2023\/02\/image-7.jpeg 705w, https:\/\/www.culture.gouv.sn\/wp-content\/uploads\/2023\/02\/image-7-300x166.jpeg 300w, https:\/\/www.culture.gouv.sn\/wp-content\/uploads\/2023\/02\/image-7-24x13.jpeg 24w, https:\/\/www.culture.gouv.sn\/wp-content\/uploads\/2023\/02\/image-7-36x20.jpeg 36w, https:\/\/www.culture.gouv.sn\/wp-content\/uploads\/2023\/02\/image-7-48x26.jpeg 48w, https:\/\/www.culture.gouv.sn\/wp-content\/uploads\/2023\/02\/image-7-600x331.jpeg 600w, https:\/\/www.culture.gouv.sn\/wp-content\/uploads\/2023\/02\/image-7-400x220.jpeg 400w\" sizes=\"(max-width: 705px) 100vw, 705px\" \/><\/figure><\/div>\n\n\n\n<div class=\"wp-block-image\"><figure class=\"aligncenter size-large\"><img loading=\"lazy\" width=\"1024\" height=\"768\" src=\"https:\/\/www.culture.gouv.sn\/wp-content\/uploads\/2023\/02\/image-9-1024x768.jpeg\" alt=\"\" class=\"wp-image-12416\" srcset=\"https:\/\/www.culture.gouv.sn\/wp-content\/uploads\/2023\/02\/image-9-1024x768.jpeg 1024w, https:\/\/www.culture.gouv.sn\/wp-content\/uploads\/2023\/02\/image-9-300x225.jpeg 300w, https:\/\/www.culture.gouv.sn\/wp-content\/uploads\/2023\/02\/image-9-768x576.jpeg 768w, https:\/\/www.culture.gouv.sn\/wp-content\/uploads\/2023\/02\/image-9-24x18.jpeg 24w, https:\/\/www.culture.gouv.sn\/wp-content\/uploads\/2023\/02\/image-9-36x27.jpeg 36w, https:\/\/www.culture.gouv.sn\/wp-content\/uploads\/2023\/02\/image-9-48x36.jpeg 48w, https:\/\/www.culture.gouv.sn\/wp-content\/uploads\/2023\/02\/image-9-600x450.jpeg 600w, https:\/\/www.culture.gouv.sn\/wp-content\/uploads\/2023\/02\/image-9-1000x750.jpeg 1000w, https:\/\/www.culture.gouv.sn\/wp-content\/uploads\/2023\/02\/image-9.jpeg 1280w\" sizes=\"(max-width: 1024px) 100vw, 1024px\" \/><\/figure><\/div>\n\n\n\n<div class=\"wp-block-image\"><figure class=\"aligncenter size-large\"><img loading=\"lazy\" width=\"1024\" height=\"605\" src=\"https:\/\/www.culture.gouv.sn\/wp-content\/uploads\/2023\/02\/image-11-1024x605.jpeg\" alt=\"\" class=\"wp-image-12418\" srcset=\"https:\/\/www.culture.gouv.sn\/wp-content\/uploads\/2023\/02\/image-11-1024x605.jpeg 1024w, https:\/\/www.culture.gouv.sn\/wp-content\/uploads\/2023\/02\/image-11-300x177.jpeg 300w, https:\/\/www.culture.gouv.sn\/wp-content\/uploads\/2023\/02\/image-11-768x454.jpeg 768w, https:\/\/www.culture.gouv.sn\/wp-content\/uploads\/2023\/02\/image-11-24x14.jpeg 24w, https:\/\/www.culture.gouv.sn\/wp-content\/uploads\/2023\/02\/image-11-36x21.jpeg 36w, https:\/\/www.culture.gouv.sn\/wp-content\/uploads\/2023\/02\/image-11-48x28.jpeg 48w, https:\/\/www.culture.gouv.sn\/wp-content\/uploads\/2023\/02\/image-11-600x354.jpeg 600w, https:\/\/www.culture.gouv.sn\/wp-content\/uploads\/2023\/02\/image-11-1000x591.jpeg 1000w, https:\/\/www.culture.gouv.sn\/wp-content\/uploads\/2023\/02\/image-11.jpeg 1280w\" sizes=\"(max-width: 1024px) 100vw, 1024px\" \/><\/figure><\/div>\n\n\n\n<div class=\"wp-block-image\"><figure class=\"aligncenter size-large\"><img loading=\"lazy\" width=\"1024\" height=\"598\" src=\"https:\/\/www.culture.gouv.sn\/wp-content\/uploads\/2023\/02\/image-13-1024x598.jpeg\" alt=\"\" class=\"wp-image-12420\" srcset=\"https:\/\/www.culture.gouv.sn\/wp-content\/uploads\/2023\/02\/image-13-1024x598.jpeg 1024w, https:\/\/www.culture.gouv.sn\/wp-content\/uploads\/2023\/02\/image-13-300x175.jpeg 300w, https:\/\/www.culture.gouv.sn\/wp-content\/uploads\/2023\/02\/image-13-768x449.jpeg 768w, https:\/\/www.culture.gouv.sn\/wp-content\/uploads\/2023\/02\/image-13-24x14.jpeg 24w, https:\/\/www.culture.gouv.sn\/wp-content\/uploads\/2023\/02\/image-13-36x21.jpeg 36w, https:\/\/www.culture.gouv.sn\/wp-content\/uploads\/2023\/02\/image-13-48x28.jpeg 48w, https:\/\/www.culture.gouv.sn\/wp-content\/uploads\/2023\/02\/image-13-600x351.jpeg 600w, https:\/\/www.culture.gouv.sn\/wp-content\/uploads\/2023\/02\/image-13-1000x584.jpeg 1000w, https:\/\/www.culture.gouv.sn\/wp-content\/uploads\/2023\/02\/image-13.jpeg 1280w\" sizes=\"(max-width: 1024px) 100vw, 1024px\" \/><\/figure><\/div>\n","protected":false},"excerpt":{"rendered":"<p>De l\u2019a\u00e9roport Osvaldo Vieira \u00e0 l\u2019Avenu Amilcar Cabral, c\u2019est une foule immense qui a accueilli le Ministre de la Culture et du Patrimoine Historique \u00e0 Bissau. Professeur Aliou Sow qui a foul\u00e9 le tarmac de l\u2019a\u00e9roport Bissau-guin\u00e9en vers 18h00 est l\u2019invit\u00e9 d\u2019honneur de son homologue Augusto Gomes dans le cadre du Carnaval 2023. Les deux [&hellip;]<\/p>\n","protected":false},"author":1,"featured_media":12422,"comment_status":"open","ping_status":"open","sticky":false,"template":"","format":"gallery","meta":{"ngg_post_thumbnail":0},"categories":[2],"tags":[],"_links":{"self":[{"href":"https:\/\/www.culture.gouv.sn\/index.php\/wp-json\/wp\/v2\/posts\/12409"}],"collection":[{"href":"https:\/\/www.culture.gouv.sn\/index.php\/wp-json\/wp\/v2\/posts"}],"about":[{"href":"https:\/\/www.culture.gouv.sn\/index.php\/wp-json\/wp\/v2\/types\/post"}],"author":[{"embeddable":true,"href":"https:\/\/www.culture.gouv.sn\/index.php\/wp-json\/wp\/v2\/users\/1"}],"replies":[{"embeddable":true,"href":"https:\/\/www.culture.gouv.sn\/index.php\/wp-json\/wp\/v2\/comments?post=12409"}],"version-history":[{"count":3,"href":"https:\/\/www.culture.gouv.sn\/index.php\/wp-json\/wp\/v2\/posts\/12409\/revisions"}],"predecessor-version":[{"id":12423,"href":"https:\/\/www.culture.gouv.sn\/index.php\/wp-json\/wp\/v2\/posts\/12409\/revisions\/12423"}],"wp:featuredmedia":[{"embeddable":true,"href":"https:\/\/www.culture.gouv.sn\/index.php\/wp-json\/wp\/v2\/media\/12422"}],"wp:attachment":[{"href":"https:\/\/www.culture.gouv.sn\/index.php\/wp-json\/wp\/v2\/media?parent=12409"}],"wp:term":[{"taxonomy":"category","embeddable":true,"href":"https:\/\/www.culture.gouv.sn\/index.php\/wp-json\/wp\/v2\/categories?post=12409"},{"taxonomy":"post_tag","embeddable":true,"href":"https:\/\/www.culture.gouv.sn\/index.php\/wp-json\/wp\/v2\/tags?post=12409"}],"curies":[{"name":"wp","href":"https:\/\/api.w.org\/{rel}","templated":true}]}}