{"id":12433,"date":"2023-02-21T12:57:36","date_gmt":"2023-02-21T12:57:36","guid":{"rendered":"http:\/\/www.culture.gouv.sn\/?p=12433"},"modified":"2023-02-21T13:24:48","modified_gmt":"2023-02-21T13:24:48","slug":"le-senegal-et-la-guinee-bissau-signent-une-convention-de-cooperation-culturelle-et-cinematographique","status":"publish","type":"post","link":"https:\/\/www.culture.gouv.sn\/index.php\/2023\/02\/21\/le-senegal-et-la-guinee-bissau-signent-une-convention-de-cooperation-culturelle-et-cinematographique\/","title":{"rendered":"Le S\u00e9n\u00e9gal et la Guin\u00e9e-Bissau signent une convention de coop\u00e9ration culturelle et cin\u00e9matographique"},"content":{"rendered":"\n<p>Un accord de coop\u00e9ration culturelle et cin\u00e9matographique a \u00e9t\u00e9 sign\u00e9 ce lundi 20 f\u00e9vrier 2023 entre la R\u00e9publique de la Guin\u00e9e-Bissau et du S\u00e9n\u00e9gal.<\/p>\n\n\n\n<p>Ce, par l\u2019interm\u00e9diaire du Ministre de la Culture, du Patrimoine Historique du S\u00e9n\u00e9gal, Professeur Aliou Sow et le Ministre de la Culture, de la Jeunesse et des Sports de la Guin\u00e9e-Bissau, Monsieur Augusto Gomes.<\/p>\n\n\n\n<p>Selon le Ministre Aliou Sow, \u00ab c\u2019est&nbsp;&nbsp;tout naturellement que mon coll\u00e8gue et moi avons d\u00e9cid\u00e9 de mener les actions n\u00e9cessaires pour redynamiser la culture et la coop\u00e9ration entre les deux pays.<\/p>\n\n\n\n<p>Nous voulons faire rayonner davantage l\u2019Afrique, consolider la paix et les dynamiques de d\u00e9veloppement \u00e9conomiques. Ce qui passe par&nbsp;&nbsp;le&nbsp;&nbsp;renforcement de l\u2019image de l\u2019Afrique \u00e0 travers la culture \u00bb.<\/p>\n\n\n\n<p>\u00ab Cette signature d\u2019accord est une preuve des relations fraternelles, amicales entre le S\u00e9n\u00e9gal et la Guin\u00e9e-Bissau.<\/p>\n\n\n\n<p>La culture est un facteur de promotion de la paix et du d\u00e9veloppement \u00e9conomique. Et \u00e0 aucun moment nous ne doutons de cela et sommes conscients du fait que nous devons encore plus travailler pour le rayonnement de la culture. Je suis tr\u00e8s satisfait de cet accord entre nos deux pays et je sais que nos peuples respectifs nous accompagnerons dans cette dynamique de coop\u00e9ration culturelle \u00bb, renseigne Monsieur Augusto Gomes.<\/p>\n\n\n\n<p><strong>ACCORD DE COOP\u00c9RATION CIN\u00c9MATOGRAPHIQUE <\/strong><\/p>\n\n\n\n<p>Les deux ministres de la culture du S\u00e9n\u00e9gal et de la Guin\u00e9e-Bissau sont revenus de mani\u00e8re tr\u00e8s large et explicite sur l\u2019accord de coop\u00e9ration cin\u00e9matographique sign\u00e9 entre les deux pays.<\/p>\n\n\n\n<p>Selon le Professeur Aliou Sow, \u00ab le S\u00e9n\u00e9gal a renou\u00e9 avec le cin\u00e9ma \u00e0 travers des productions audiovisuelles et cin\u00e9matographiques reconnues \u00e0 l\u2019\u00e9chelle internationale.&nbsp;&nbsp;Aujourd\u2019hui l\u2019une de nos ambitions majeures est de promouvoir davantage le 7\u00e8me art&nbsp;&nbsp;\u00e0 travers des coop\u00e9rations de coproduction cin\u00e9matographique. C\u2019est ce que nous envisageons de faire avec la Guin\u00e9e-Bissau dont le g\u00e9nie cr\u00e9atif des artistes est riche et vari\u00e9. Le S\u00e9n\u00e9gal peu compter sur les moyens de la Guin\u00e9e-Bissau et vice versa en mati\u00e8re de mise en \u0153uvre de nos politiques culturelles \u00bb.<\/p>\n\n\n\n<p>Une initiative salu\u00e9e par Monsieur Gomes qui a d\u00e9clar\u00e9 que \u00ab l\u2019accompagnement du S\u00e9n\u00e9gal ne peut \u00eatre que positif et productif pour la Guin\u00e9e-Bissau. Nous sommes tr\u00e8s satisfaits de l\u2019apport de ce pays ami dans notre politique culturelle\u00bb.<\/p>\n","protected":false},"excerpt":{"rendered":"<p>Un accord de coop\u00e9ration culturelle et cin\u00e9matographique a \u00e9t\u00e9 sign\u00e9 ce lundi 20 f\u00e9vrier 2023 entre la R\u00e9publique de la Guin\u00e9e-Bissau et du S\u00e9n\u00e9gal. Ce, par l\u2019interm\u00e9diaire du Ministre de la Culture, du Patrimoine Historique du S\u00e9n\u00e9gal, Professeur Aliou Sow et le Ministre de la Culture, de la Jeunesse et des Sports de la Guin\u00e9e-Bissau, [&hellip;]<\/p>\n","protected":false},"author":1,"featured_media":12445,"comment_status":"open","ping_status":"open","sticky":true,"template":"","format":"standard","meta":{"ngg_post_thumbnail":0},"categories":[2],"tags":[],"_links":{"self":[{"href":"https:\/\/www.culture.gouv.sn\/index.php\/wp-json\/wp\/v2\/posts\/12433"}],"collection":[{"href":"https:\/\/www.culture.gouv.sn\/index.php\/wp-json\/wp\/v2\/posts"}],"about":[{"href":"https:\/\/www.culture.gouv.sn\/index.php\/wp-json\/wp\/v2\/types\/post"}],"author":[{"embeddable":true,"href":"https:\/\/www.culture.gouv.sn\/index.php\/wp-json\/wp\/v2\/users\/1"}],"replies":[{"embeddable":true,"href":"https:\/\/www.culture.gouv.sn\/index.php\/wp-json\/wp\/v2\/comments?post=12433"}],"version-history":[{"count":1,"href":"https:\/\/www.culture.gouv.sn\/index.php\/wp-json\/wp\/v2\/posts\/12433\/revisions"}],"predecessor-version":[{"id":12434,"href":"https:\/\/www.culture.gouv.sn\/index.php\/wp-json\/wp\/v2\/posts\/12433\/revisions\/12434"}],"wp:featuredmedia":[{"embeddable":true,"href":"https:\/\/www.culture.gouv.sn\/index.php\/wp-json\/wp\/v2\/media\/12445"}],"wp:attachment":[{"href":"https:\/\/www.culture.gouv.sn\/index.php\/wp-json\/wp\/v2\/media?parent=12433"}],"wp:term":[{"taxonomy":"category","embeddable":true,"href":"https:\/\/www.culture.gouv.sn\/index.php\/wp-json\/wp\/v2\/categories?post=12433"},{"taxonomy":"post_tag","embeddable":true,"href":"https:\/\/www.culture.gouv.sn\/index.php\/wp-json\/wp\/v2\/tags?post=12433"}],"curies":[{"name":"wp","href":"https:\/\/api.w.org\/{rel}","templated":true}]}}