{"id":12440,"date":"2023-02-21T13:21:59","date_gmt":"2023-02-21T13:21:59","guid":{"rendered":"http:\/\/www.culture.gouv.sn\/?p=12440"},"modified":"2023-02-21T16:37:50","modified_gmt":"2023-02-21T16:37:50","slug":"mcph-remise-dun-appui-de-5-millions-de-francs-cfa-au-ballet-national-de-la-guinee-bissau","status":"publish","type":"post","link":"https:\/\/www.culture.gouv.sn\/index.php\/2023\/02\/21\/mcph-remise-dun-appui-de-5-millions-de-francs-cfa-au-ballet-national-de-la-guinee-bissau\/","title":{"rendered":"MCPH : Remise d\u2019un appui de 5 millions de francs CFA au Ballet National de la Guin\u00e9e-Bissau"},"content":{"rendered":"\n<p><strong>Un appui de 5 millions de Francs CFA a \u00e9t\u00e9 remis le lundi 20 F\u00e9vrier 2023 au Ballet National de la Guin\u00e9e-Bissau par le Ministre de la Culture et du Patrimoine Historique du S\u00e9n\u00e9gal.<\/strong><\/p>\n\n\n\n<p>Le Professeur Aliou Sow a saisi l\u2019occasion pour remercier les membres du ballet pour leur belle prestation&nbsp;&nbsp;lors du Festival National des Arts et Cultures de Kaffrine.<\/p>\n\n\n\n<p>Cet accompagnement a \u00e9t\u00e9 fait au \u00ab&nbsp;nom de l&rsquo;amiti\u00e9 s\u00e9n\u00e9galo-bissau-guineenne. dans les locaux du Minist\u00e8re de la Culture, de la Jeunesse et des Sports de la Guin\u00e9e-Bissau en pr\u00e9sence du Ministre, des deux secr\u00e9taires d&rsquo;Etat et de nos collaborateurs.  Au nom du Pr\u00e9sident de la R\u00e9publique, je leur ai remis en relation avec l&rsquo;Ambassadeur du S\u00e9n\u00e9gal \u00e0 Bissau une enveloppe de 05 millions de francs CFA en guise d&rsquo;accompagnement et au nom de l&rsquo;amiti\u00e9 s\u00e9n\u00e9galo-bissau-guineenne&nbsp;\u00bb, a fait savoir le Ministre Aliou Sow.<\/p>\n","protected":false},"excerpt":{"rendered":"<p>Un appui de 5 millions de Francs CFA a \u00e9t\u00e9 remis le lundi 20 F\u00e9vrier 2023 au Ballet National de la Guin\u00e9e-Bissau par le Ministre de la Culture et du Patrimoine Historique du S\u00e9n\u00e9gal. Le Professeur Aliou Sow a saisi l\u2019occasion pour remercier les membres du ballet pour leur belle prestation&nbsp;&nbsp;lors du Festival National des [&hellip;]<\/p>\n","protected":false},"author":1,"featured_media":12446,"comment_status":"open","ping_status":"open","sticky":true,"template":"","format":"standard","meta":{"ngg_post_thumbnail":0},"categories":[2],"tags":[],"_links":{"self":[{"href":"https:\/\/www.culture.gouv.sn\/index.php\/wp-json\/wp\/v2\/posts\/12440"}],"collection":[{"href":"https:\/\/www.culture.gouv.sn\/index.php\/wp-json\/wp\/v2\/posts"}],"about":[{"href":"https:\/\/www.culture.gouv.sn\/index.php\/wp-json\/wp\/v2\/types\/post"}],"author":[{"embeddable":true,"href":"https:\/\/www.culture.gouv.sn\/index.php\/wp-json\/wp\/v2\/users\/1"}],"replies":[{"embeddable":true,"href":"https:\/\/www.culture.gouv.sn\/index.php\/wp-json\/wp\/v2\/comments?post=12440"}],"version-history":[{"count":2,"href":"https:\/\/www.culture.gouv.sn\/index.php\/wp-json\/wp\/v2\/posts\/12440\/revisions"}],"predecessor-version":[{"id":12444,"href":"https:\/\/www.culture.gouv.sn\/index.php\/wp-json\/wp\/v2\/posts\/12440\/revisions\/12444"}],"wp:featuredmedia":[{"embeddable":true,"href":"https:\/\/www.culture.gouv.sn\/index.php\/wp-json\/wp\/v2\/media\/12446"}],"wp:attachment":[{"href":"https:\/\/www.culture.gouv.sn\/index.php\/wp-json\/wp\/v2\/media?parent=12440"}],"wp:term":[{"taxonomy":"category","embeddable":true,"href":"https:\/\/www.culture.gouv.sn\/index.php\/wp-json\/wp\/v2\/categories?post=12440"},{"taxonomy":"post_tag","embeddable":true,"href":"https:\/\/www.culture.gouv.sn\/index.php\/wp-json\/wp\/v2\/tags?post=12440"}],"curies":[{"name":"wp","href":"https:\/\/api.w.org\/{rel}","templated":true}]}}