{"id":12449,"date":"2023-02-25T13:38:15","date_gmt":"2023-02-25T13:38:15","guid":{"rendered":"http:\/\/www.culture.gouv.sn\/?p=12449"},"modified":"2023-02-25T13:38:18","modified_gmt":"2023-02-25T13:38:18","slug":"adieu-safy-lhommage-du-professeur-aliou-sow-a-la-cineaste-senegalaise","status":"publish","type":"post","link":"https:\/\/www.culture.gouv.sn\/index.php\/2023\/02\/25\/adieu-safy-lhommage-du-professeur-aliou-sow-a-la-cineaste-senegalaise\/","title":{"rendered":"ADIEU, SAFY ! L\u2019hommage du Professeur Aliou Sow \u00e0 la cin\u00e9aste s\u00e9n\u00e9galaise"},"content":{"rendered":"\n<p>\u00ab Mane nobiscum, Safy Faye \u00bb, Reste avec nous, Safy Faye ! H\u00e9las, cette parole est vaine, car notre grande Cin\u00e9aste a v\u00e9cu. S\u2019il est vrai que, avec cette disparition qui nous \u00e9meut, le S\u00e9n\u00e9gal et son cin\u00e9ma sont abattus de ce deuil, l\u2019Afrique et son Septi\u00e8me Art partagent, sans conteste, la douleur \u00e9norme qui s\u2019est abattue sur nous ce matin. Comme un signe du destin, Safy a choisi, en retournant au Ciel, la veille de l\u2019ouverture du Festival panafricain de cin\u00e9ma et de la T\u00e9l\u00e9visison de Ouagadougou (FESPACO), de s\u2019\u00e9lever ainsi avec le rideau et de fixer, \u00e0 jamais, son nom sur les \u00e9crans, sur tous les \u00e9crans qui refl\u00e8tent les images du talent voire du g\u00e9nie cr\u00e9ateur de l\u2019Afrique.<br>Enseignante d\u2019abord, Jean Rouch en fait une actrice, puis Safy \u00e0 os\u00e9 poser son regard sur le monde, \u00e0 travers le prisme de la cam\u00e9ra et de filmer, de r\u00e9aliser des films, en v\u00e9ritable pionni\u00e8re. Et \u00ab Mossane \u00bb, son film initial et son identit\u00e9 premi\u00e8re, nous restera, de mani\u00e8re forte, parmi tous les autres qu\u2019elle aura r\u00e9alis\u00e9s et port\u00e9s en bandouli\u00e8re par tous les chemins qui m\u00e8nent \u00e0 l\u2019humain.<br>En nous quittant, Safy laisse sans doute un vide, mais surtout un viatique, celui de la qu\u00eate permanente de la qualit\u00e9 en tout et, davantage, dans la construction d\u2019imaginaires puissants qui nous engagent vers l\u2019\u00e9mergence.<br>Au nom de Son Excellence, Monsieur Macky Sall, Pr\u00e9sident de la R\u00e9publique, au nom du Gouvernement, au nom de toute la grande famille du Cin\u00e9ma et de la Culture, je pr\u00e9sente nos condol\u00e9ances \u00e0 la famille de Safy Faye et \u00e0 toute l\u2019Afrique du Cin\u00e9ma et de l\u2019audiovisuel.<br>Que la terre lui soit l\u00e9g\u00e8re.<\/p>\n\n\n\n<p>Professeur Aliou Sow<br>Ministre de la Culture et du Patrimoine historique<\/p>\n","protected":false},"excerpt":{"rendered":"<p>\u00ab Mane nobiscum, Safy Faye \u00bb, Reste avec nous, Safy Faye ! H\u00e9las, cette parole est vaine, car notre grande Cin\u00e9aste a v\u00e9cu. S\u2019il est vrai que, avec cette disparition qui nous \u00e9meut, le S\u00e9n\u00e9gal et son cin\u00e9ma sont abattus de ce deuil, l\u2019Afrique et son Septi\u00e8me Art partagent, sans conteste, la douleur \u00e9norme qui [&hellip;]<\/p>\n","protected":false},"author":1,"featured_media":12450,"comment_status":"open","ping_status":"open","sticky":true,"template":"","format":"quote","meta":{"ngg_post_thumbnail":0},"categories":[2],"tags":[],"_links":{"self":[{"href":"https:\/\/www.culture.gouv.sn\/index.php\/wp-json\/wp\/v2\/posts\/12449"}],"collection":[{"href":"https:\/\/www.culture.gouv.sn\/index.php\/wp-json\/wp\/v2\/posts"}],"about":[{"href":"https:\/\/www.culture.gouv.sn\/index.php\/wp-json\/wp\/v2\/types\/post"}],"author":[{"embeddable":true,"href":"https:\/\/www.culture.gouv.sn\/index.php\/wp-json\/wp\/v2\/users\/1"}],"replies":[{"embeddable":true,"href":"https:\/\/www.culture.gouv.sn\/index.php\/wp-json\/wp\/v2\/comments?post=12449"}],"version-history":[{"count":1,"href":"https:\/\/www.culture.gouv.sn\/index.php\/wp-json\/wp\/v2\/posts\/12449\/revisions"}],"predecessor-version":[{"id":12451,"href":"https:\/\/www.culture.gouv.sn\/index.php\/wp-json\/wp\/v2\/posts\/12449\/revisions\/12451"}],"wp:featuredmedia":[{"embeddable":true,"href":"https:\/\/www.culture.gouv.sn\/index.php\/wp-json\/wp\/v2\/media\/12450"}],"wp:attachment":[{"href":"https:\/\/www.culture.gouv.sn\/index.php\/wp-json\/wp\/v2\/media?parent=12449"}],"wp:term":[{"taxonomy":"category","embeddable":true,"href":"https:\/\/www.culture.gouv.sn\/index.php\/wp-json\/wp\/v2\/categories?post=12449"},{"taxonomy":"post_tag","embeddable":true,"href":"https:\/\/www.culture.gouv.sn\/index.php\/wp-json\/wp\/v2\/tags?post=12449"}],"curies":[{"name":"wp","href":"https:\/\/api.w.org\/{rel}","templated":true}]}}