{"id":12452,"date":"2023-03-02T14:21:22","date_gmt":"2023-03-02T14:21:22","guid":{"rendered":"http:\/\/www.culture.gouv.sn\/?p=12452"},"modified":"2023-03-02T14:21:25","modified_gmt":"2023-03-02T14:21:25","slug":"une-subvention-dun-million-de-francs-cfa-octroye-a-dandan-diedhiou-ancien-lead-vocal-de-lucas-band-de-sedhiou","status":"publish","type":"post","link":"https:\/\/www.culture.gouv.sn\/index.php\/2023\/03\/02\/une-subvention-dun-million-de-francs-cfa-octroye-a-dandan-diedhiou-ancien-lead-vocal-de-lucas-band-de-sedhiou\/","title":{"rendered":"Une subvention d\u2019un million de francs Cfa octroy\u00e9 \u00e0 Dandan Diedhiou, ancien lead-vocal de l\u2019UCAS BAND de S\u00e9dhiou"},"content":{"rendered":"\n<p>Le Ministre de la Culture et du Patrimoine Historique, Professeur Aliou Sow a octroy\u00e9 une subvention d\u2019un million de francs CFA \u00e0 Monsieur Dandan Diedhiou, ancien lead vocal de l&rsquo;UCAS Band de Sedhiou qui a perdu la voix, en plus d&rsquo;un appui sp\u00e9cial du Pr\u00e9sident de la R\u00e9publique de 200.000 F CFA par mois dont les mois de janvier et f\u00e9vrier lui seront vers\u00e9s ce lundi.<\/p>\n\n\n\n<p>Monsieur Diedhiou qui a vu le jour en 1953 \u00e0 Bona, dans le d\u00e9partement de Bounkiling, \u00e9tait membre de l&rsquo;Ucas Band de S\u00e9dhiou au sein duquel il \u00e9tait auteur, compositeur et chanteur.<\/p>\n\n\n\n<p>Une v\u00e9ritable b\u00eate de sc\u00e8ne qui donnait toujours le ton tout en galvanisant ses coll\u00e8gues. Son nom est li\u00e9 \u00e0 cette mythique formation musicale qui a marqu\u00e9 d\u2019une empreinte ind\u00e9l\u00e9bile la musique s\u00e9n\u00e9galaise.<\/p>\n\n\n\n<p>Professeur Aliou Sow a tenu dans son discours ce dimanche \u00e0 S\u00e9dhiou lors de sa rencontre avec les acteurs culturels de la r\u00e9gion \u00e0 rendre un vibrant hommage \u00e0 ce monument vivant de la culture s\u00e9n\u00e9galaise.<\/p>\n\n\n\n<figure class=\"wp-block-embed is-type-video is-provider-youtube wp-block-embed-youtube wp-embed-aspect-16-9 wp-has-aspect-ratio\"><div class=\"wp-block-embed__wrapper\">\n<iframe  id=\"_ytid_99744\"  width=\"1200\" height=\"675\"  data-origwidth=\"1200\" data-origheight=\"675\"  src=\"https:\/\/www.youtube.com\/embed\/MFSd4WFm21c?enablejsapi=1&#038;autoplay=0&#038;cc_load_policy=0&#038;iv_load_policy=1&#038;loop=0&#038;modestbranding=0&#038;rel=1&#038;fs=1&#038;playsinline=0&#038;autohide=2&#038;theme=dark&#038;color=red&#038;controls=1&#038;\" class=\"__youtube_prefs__ no-lazyload\" title=\"YouTube player\"  allow=\"autoplay; encrypted-media\" allowfullscreen data-no-lazy=\"1\" data-skipgform_ajax_framebjll=\"\"><\/iframe>\n<\/div><\/figure>\n","protected":false},"excerpt":{"rendered":"<p>Le Ministre de la Culture et du Patrimoine Historique, Professeur Aliou Sow a octroy\u00e9 une subvention d\u2019un million de francs CFA \u00e0 Monsieur Dandan Diedhiou, ancien lead vocal de l&rsquo;UCAS Band de Sedhiou qui a perdu la voix, en plus d&rsquo;un appui sp\u00e9cial du Pr\u00e9sident de la R\u00e9publique de 200.000 F CFA par mois dont [&hellip;]<\/p>\n","protected":false},"author":1,"featured_media":12454,"comment_status":"open","ping_status":"open","sticky":true,"template":"","format":"standard","meta":{"ngg_post_thumbnail":0},"categories":[2],"tags":[],"_links":{"self":[{"href":"https:\/\/www.culture.gouv.sn\/index.php\/wp-json\/wp\/v2\/posts\/12452"}],"collection":[{"href":"https:\/\/www.culture.gouv.sn\/index.php\/wp-json\/wp\/v2\/posts"}],"about":[{"href":"https:\/\/www.culture.gouv.sn\/index.php\/wp-json\/wp\/v2\/types\/post"}],"author":[{"embeddable":true,"href":"https:\/\/www.culture.gouv.sn\/index.php\/wp-json\/wp\/v2\/users\/1"}],"replies":[{"embeddable":true,"href":"https:\/\/www.culture.gouv.sn\/index.php\/wp-json\/wp\/v2\/comments?post=12452"}],"version-history":[{"count":1,"href":"https:\/\/www.culture.gouv.sn\/index.php\/wp-json\/wp\/v2\/posts\/12452\/revisions"}],"predecessor-version":[{"id":12455,"href":"https:\/\/www.culture.gouv.sn\/index.php\/wp-json\/wp\/v2\/posts\/12452\/revisions\/12455"}],"wp:featuredmedia":[{"embeddable":true,"href":"https:\/\/www.culture.gouv.sn\/index.php\/wp-json\/wp\/v2\/media\/12454"}],"wp:attachment":[{"href":"https:\/\/www.culture.gouv.sn\/index.php\/wp-json\/wp\/v2\/media?parent=12452"}],"wp:term":[{"taxonomy":"category","embeddable":true,"href":"https:\/\/www.culture.gouv.sn\/index.php\/wp-json\/wp\/v2\/categories?post=12452"},{"taxonomy":"post_tag","embeddable":true,"href":"https:\/\/www.culture.gouv.sn\/index.php\/wp-json\/wp\/v2\/tags?post=12452"}],"curies":[{"name":"wp","href":"https:\/\/api.w.org\/{rel}","templated":true}]}}