{"id":12482,"date":"2023-03-06T21:00:20","date_gmt":"2023-03-06T21:00:20","guid":{"rendered":"http:\/\/www.culture.gouv.sn\/?p=12482"},"modified":"2023-03-06T21:00:22","modified_gmt":"2023-03-06T21:00:22","slug":"finale-de-la-coupe-du-maire-de-kaffrine-une-enveloppe-de-2-millions-de-francs-cfa-remis-aux-vainqueurs-par-le-mcph","status":"publish","type":"post","link":"https:\/\/www.culture.gouv.sn\/index.php\/2023\/03\/06\/finale-de-la-coupe-du-maire-de-kaffrine-une-enveloppe-de-2-millions-de-francs-cfa-remis-aux-vainqueurs-par-le-mcph\/","title":{"rendered":"Finale de la Coupe du Maire de Kaffrine : Une enveloppe de 2 Millions de francs Cfa remis aux vainqueurs par le MCPH"},"content":{"rendered":"\n<p>Une d\u00e9l\u00e9gation du minist\u00e8re de la culture et du patrimoine historique \u00e9tait pr\u00e9sente ce Samedi 5 Mars 2023 \u00e0 Kaffrine pour assister \u00e0 la finale de la coupe du Maire de Kaffrine, Monsieur Abdoulaye Saidou Sow. Elle avait \u00e0 sa t\u00eate, Monsieur Alioune Palla Mbaye, Directeur de l\u2019Administration G\u00e9n\u00e9rale et de l\u2019\u00c9quipement.&nbsp;&nbsp;<\/p>\n\n\n\n<figure class=\"wp-block-image size-large\"><img loading=\"lazy\" width=\"1024\" height=\"768\" src=\"https:\/\/www.culture.gouv.sn\/wp-content\/uploads\/2023\/03\/image-2-1024x768.jpeg\" alt=\"\" class=\"wp-image-12484\" srcset=\"https:\/\/www.culture.gouv.sn\/wp-content\/uploads\/2023\/03\/image-2-1024x768.jpeg 1024w, https:\/\/www.culture.gouv.sn\/wp-content\/uploads\/2023\/03\/image-2-300x225.jpeg 300w, https:\/\/www.culture.gouv.sn\/wp-content\/uploads\/2023\/03\/image-2-768x576.jpeg 768w, https:\/\/www.culture.gouv.sn\/wp-content\/uploads\/2023\/03\/image-2-24x18.jpeg 24w, https:\/\/www.culture.gouv.sn\/wp-content\/uploads\/2023\/03\/image-2-36x27.jpeg 36w, https:\/\/www.culture.gouv.sn\/wp-content\/uploads\/2023\/03\/image-2-48x36.jpeg 48w, https:\/\/www.culture.gouv.sn\/wp-content\/uploads\/2023\/03\/image-2-600x450.jpeg 600w, https:\/\/www.culture.gouv.sn\/wp-content\/uploads\/2023\/03\/image-2-1000x750.jpeg 1000w, https:\/\/www.culture.gouv.sn\/wp-content\/uploads\/2023\/03\/image-2.jpeg 1280w\" sizes=\"(max-width: 1024px) 100vw, 1024px\" \/><\/figure>\n\n\n\n<p>Le DAGE \u00e9tait accompagn\u00e9 par Monsieur Mara SECK, Chef de Protocole du Ministre de la Culture, Professeur Aliou Sow, de Monsieur Ameth Ndiaye, PCA du Grand -Th\u00e9\u00e2tre, de Madame Ndeye Ngor, Directrice du Centre Culturel de Kaffrine.\u00a0<\/p>\n\n\n\n<p>Une enveloppe de 2 millions de francs cfa a \u00e9t\u00e9 remise \u00e0 Monsieur Abdoulaye Saidou Sow, Maire de Kaffrine, au nom du Ministre de la culture et du patrimoine historique, Professeur Aliou Sow.<\/p>\n\n\n\n<p>Un geste appr\u00e9ci\u00e9 par Monsieur le Maire qui a rappel\u00e9 les liens amicaux et fraternels qui le lient au Ministre Aliou Sow.&nbsp;&nbsp;<\/p>\n\n\n\n<p>La finale a \u00e9t\u00e9 remport\u00e9e par l\u2019Asc Les\u00a0\u00a0\u00c9toiles par 1 but \u00e0 z\u00e9ro.Le DAGE, au nom du Ministre de la Culture Professeur Aliou Sow a magnifi\u00e9 la bonne organisation de la finale, f\u00e9licit\u00e9 Monsieur le Maire Abdoulaye Saidou Sow et encourag\u00e9 les \u00e9quipes sportives pr\u00e9sentes tou t au long du tournoi pour la Coupe du Maire de Kaffrine.<\/p>\n","protected":false},"excerpt":{"rendered":"<p>Une d\u00e9l\u00e9gation du minist\u00e8re de la culture et du patrimoine historique \u00e9tait pr\u00e9sente ce Samedi 5 Mars 2023 \u00e0 Kaffrine pour assister \u00e0 la finale de la coupe du Maire de Kaffrine, Monsieur Abdoulaye Saidou Sow. Elle avait \u00e0 sa t\u00eate, Monsieur Alioune Palla Mbaye, Directeur de l\u2019Administration G\u00e9n\u00e9rale et de l\u2019\u00c9quipement.&nbsp;&nbsp; Le DAGE \u00e9tait [&hellip;]<\/p>\n","protected":false},"author":1,"featured_media":12483,"comment_status":"open","ping_status":"open","sticky":true,"template":"","format":"standard","meta":{"ngg_post_thumbnail":0},"categories":[2],"tags":[],"_links":{"self":[{"href":"https:\/\/www.culture.gouv.sn\/index.php\/wp-json\/wp\/v2\/posts\/12482"}],"collection":[{"href":"https:\/\/www.culture.gouv.sn\/index.php\/wp-json\/wp\/v2\/posts"}],"about":[{"href":"https:\/\/www.culture.gouv.sn\/index.php\/wp-json\/wp\/v2\/types\/post"}],"author":[{"embeddable":true,"href":"https:\/\/www.culture.gouv.sn\/index.php\/wp-json\/wp\/v2\/users\/1"}],"replies":[{"embeddable":true,"href":"https:\/\/www.culture.gouv.sn\/index.php\/wp-json\/wp\/v2\/comments?post=12482"}],"version-history":[{"count":1,"href":"https:\/\/www.culture.gouv.sn\/index.php\/wp-json\/wp\/v2\/posts\/12482\/revisions"}],"predecessor-version":[{"id":12485,"href":"https:\/\/www.culture.gouv.sn\/index.php\/wp-json\/wp\/v2\/posts\/12482\/revisions\/12485"}],"wp:featuredmedia":[{"embeddable":true,"href":"https:\/\/www.culture.gouv.sn\/index.php\/wp-json\/wp\/v2\/media\/12483"}],"wp:attachment":[{"href":"https:\/\/www.culture.gouv.sn\/index.php\/wp-json\/wp\/v2\/media?parent=12482"}],"wp:term":[{"taxonomy":"category","embeddable":true,"href":"https:\/\/www.culture.gouv.sn\/index.php\/wp-json\/wp\/v2\/categories?post=12482"},{"taxonomy":"post_tag","embeddable":true,"href":"https:\/\/www.culture.gouv.sn\/index.php\/wp-json\/wp\/v2\/tags?post=12482"}],"curies":[{"name":"wp","href":"https:\/\/api.w.org\/{rel}","templated":true}]}}