{"id":12494,"date":"2023-03-24T16:29:45","date_gmt":"2023-03-24T16:29:45","guid":{"rendered":"http:\/\/www.culture.gouv.sn\/?p=12494"},"modified":"2023-03-24T16:32:07","modified_gmt":"2023-03-24T16:32:07","slug":"fdcu-remise-de-cheques-aux-beneficiaires","status":"publish","type":"post","link":"https:\/\/www.culture.gouv.sn\/index.php\/2023\/03\/24\/fdcu-remise-de-cheques-aux-beneficiaires\/","title":{"rendered":"FDCU: Remise de ch\u00e8ques aux b\u00e9n\u00e9ficiaires"},"content":{"rendered":"\n<p>Le Ministre de la Culture et du Patrimoine historique, en pr\u00e9sence de la Directrice des Arts Madame Khoudia DIAGNE et de la repr\u00e9sentante des acteurs des cultures urbaines, Madame Gacirah Diagne, a proc\u00e9d\u00e9 ce vendredi \u00e0 la remise de ch\u00e8ques aux b\u00e9n\u00e9ficiaires du Fonds des Cultures Urbaines. Ce, pour un montant total de 90,5 millions de francs CFA. La c\u00e9r\u00e9monie qui a vu la pr\u00e9sence de nombreux acteurs des cultures urbaines a eu lieu au Centre Culturel Douta SECK.<\/p>\n\n\n\n<p>Le FDCU qui a \u00e9t\u00e9 port\u00e9 \u00e0 hauteur de 1 milliard de francs cfa en 2023 a permis depuis sa cr\u00e9ation en 2017, le financement de plus de 116 projets par an.<\/p>\n\n\n\n<p>Ce 6\u00e8me appel \u00e0 projet du fonds a enregistr\u00e9 un d\u00e9p\u00f4t de 533 projets et a permis de retenir, apr\u00e8s d\u00e9lib\u00e9ration du comit\u00e9, 165 b\u00e9n\u00e9ficiaires.<\/p>\n\n\n\n<p>Le Professeur Aliou Sow a saisi l\u2019occasion pour inviter les acteurs des cultures urbaines \u00e0 lancer un festival des cultures urbaines au S\u00e9n\u00e9gal.<\/p>\n\n\n\n<p>Direction des Arts<br>Centre Culturel Douta Seck<\/p>\n","protected":false},"excerpt":{"rendered":"<p>Le Ministre de la Culture et du Patrimoine historique, en pr\u00e9sence de la Directrice des Arts Madame Khoudia DIAGNE et de la repr\u00e9sentante des acteurs des cultures urbaines, Madame Gacirah Diagne, a proc\u00e9d\u00e9 ce vendredi \u00e0 la remise de ch\u00e8ques aux b\u00e9n\u00e9ficiaires du Fonds des Cultures Urbaines. Ce, pour un montant total de 90,5 millions [&hellip;]<\/p>\n","protected":false},"author":1,"featured_media":12499,"comment_status":"open","ping_status":"open","sticky":true,"template":"","format":"standard","meta":{"ngg_post_thumbnail":0},"categories":[2],"tags":[],"_links":{"self":[{"href":"https:\/\/www.culture.gouv.sn\/index.php\/wp-json\/wp\/v2\/posts\/12494"}],"collection":[{"href":"https:\/\/www.culture.gouv.sn\/index.php\/wp-json\/wp\/v2\/posts"}],"about":[{"href":"https:\/\/www.culture.gouv.sn\/index.php\/wp-json\/wp\/v2\/types\/post"}],"author":[{"embeddable":true,"href":"https:\/\/www.culture.gouv.sn\/index.php\/wp-json\/wp\/v2\/users\/1"}],"replies":[{"embeddable":true,"href":"https:\/\/www.culture.gouv.sn\/index.php\/wp-json\/wp\/v2\/comments?post=12494"}],"version-history":[{"count":1,"href":"https:\/\/www.culture.gouv.sn\/index.php\/wp-json\/wp\/v2\/posts\/12494\/revisions"}],"predecessor-version":[{"id":12496,"href":"https:\/\/www.culture.gouv.sn\/index.php\/wp-json\/wp\/v2\/posts\/12494\/revisions\/12496"}],"wp:featuredmedia":[{"embeddable":true,"href":"https:\/\/www.culture.gouv.sn\/index.php\/wp-json\/wp\/v2\/media\/12499"}],"wp:attachment":[{"href":"https:\/\/www.culture.gouv.sn\/index.php\/wp-json\/wp\/v2\/media?parent=12494"}],"wp:term":[{"taxonomy":"category","embeddable":true,"href":"https:\/\/www.culture.gouv.sn\/index.php\/wp-json\/wp\/v2\/categories?post=12494"},{"taxonomy":"post_tag","embeddable":true,"href":"https:\/\/www.culture.gouv.sn\/index.php\/wp-json\/wp\/v2\/tags?post=12494"}],"curies":[{"name":"wp","href":"https:\/\/api.w.org\/{rel}","templated":true}]}}