{"id":12505,"date":"2023-05-02T17:01:46","date_gmt":"2023-05-02T17:01:46","guid":{"rendered":"http:\/\/www.culture.gouv.sn\/?p=12505"},"modified":"2023-05-02T17:01:46","modified_gmt":"2023-05-02T17:01:46","slug":"bambey-festival-ci-la-bokk","status":"publish","type":"post","link":"https:\/\/www.culture.gouv.sn\/index.php\/2023\/05\/02\/bambey-festival-ci-la-bokk\/","title":{"rendered":"BAMBEY : FESTIVAL CI LA BOKK"},"content":{"rendered":"<div id=\"pl-12505\"  class=\"panel-layout\" ><div id=\"pg-12505-0\"  class=\"panel-grid panel-no-style\" ><div id=\"pgc-12505-0-0\"  class=\"panel-grid-cell\" ><div id=\"panel-12505-0-0-0\" class=\"so-panel widget widget_text panel-first-child panel-last-child\" data-index=\"0\" ><h3 class=\"widget-title\">BAMBEY : FESTIVAL CI LA BOKK<\/h3>\t\t\t<div class=\"textwidget\"><div dir=\"auto\">Le Ministre de la Culture et du Patrimoine Historique, Professeur Aliou Sow, s&rsquo;est rendu \u00e0 Bambey pour assister au Festival \u00ab\u00a0Ci La Bokk\u00a0\u00bb qui s\u2019est tenu ce dimanche 30 Avril 2023. Un \u00e9v\u00e9nement qui a vu la pr\u00e9sence de nombreuses personnalit\u00e9s et artistes issus de l\u2019Espagne et du S\u00e9n\u00e9gal.<\/div>\n<div dir=\"auto\"><\/div>\n<div dir=\"auto\">Le Ministre \u00e9tait accompagn\u00e9 par une forte d\u00e9l\u00e9gation compos\u00e9e, entre autres personnalit\u00e9s, de la Directrice des Arts, Madame Khoudia Diagne.<\/div>\n<div dir=\"auto\"><\/div>\n<div dir=\"auto\">Le Festival Canaries-S\u00e9n\u00e9gal \u00ab Ci La Bokk \u00bb est une initiative de Monsieur Khaly Thioune, Directeur de la\u00a0 soci\u00e9t\u00e9 de gestion culturelle Hermanos Thioune, ax\u00e9e sur l&rsquo;art Africain.<\/div>\n<div dir=\"auto\"><\/div>\n<div dir=\"auto\">D\u2019ailleurs c\u2019est la premi\u00e8re fois qu&rsquo;une m\u00eame \u00e9dition du festival a lieu \u00e0 la fois au S\u00e9n\u00e9gal et aux Canaries, puisque l\u2019\u00e9dition de 2019 s&rsquo;est tenue uniquement \u00e0 Dakar et la seconde, en 2022, uniquement sur les \u00eeles espagnoles.<\/div>\n<div dir=\"auto\"><\/div>\n<div dir=\"auto\">Le Professeur Aliou Sow a f\u00e9licit\u00e9 Monsieur Khaly Thioune et son fr\u00e8re, pour l\u2019immensit\u00e9 de leurs contributions en faveur du rayonnement de la culture s\u00e9n\u00e9galaise au niveau national et international.<\/div>\n<div dir=\"auto\"><\/div>\n<div dir=\"auto\">\u00ab\u00a0L&rsquo;objectif de cette troisi\u00e8me \u00e9dition est de promouvoir l&rsquo;interculturalit\u00e9, de promouvoir la solidarit\u00e9 et la coop\u00e9ration\u00a0\u00bb, a expliqu\u00e9 Monsieur Khaly Thioune, Directeur du festival qui s\u2019est tenu dans le Centre Culturel local construit par lui et son fr\u00e8re.<\/div>\n<div dir=\"auto\"><\/div>\n<div dir=\"auto\">D\u2019ailleurs, \u00e0\u00a0 l\u2019occasion de l\u2019ouverture dudit centre, le Ministre avait annonc\u00e9 qu\u2019il mettrait \u00e0 leur disposition un appui financier de 10 millions de francs Cfa d\u00e9di\u00e9 \u00e0 son \u00e9quipement et \u00e0 son d\u00e9veloppement. A ce titre, ont d\u00e9j\u00e0 \u00e9t\u00e9 remis au fr\u00e8res Thioune deux ch\u00e8ques dont un d\u2019un million et demi de francs Cfa et un de 5 millions de francs Cfa.<\/div>\n<div dir=\"auto\"><\/div>\n<div dir=\"auto\">Le Ministre a aussi rappel\u00e9 qu\u2019une bourse mensuelle de 200000 francs cfa a \u00e9t\u00e9 offerte \u00e0 l\u2019\u00e9crivain et communicateur traditionnel Pa All\u00e9 Niang, pr\u00e9sent \u00e0 la c\u00e9r\u00e9monie. Ce, pour la promotion du patrimoine historique.<\/div>\n<\/div>\n\t\t<\/div><\/div><\/div><\/div>","protected":false},"excerpt":{"rendered":"<p>Le Ministre de la Culture et du Patrimoine Historique, Professeur Aliou Sow, s&rsquo;est rendu \u00e0 Bambey pour assister au Festival \u00ab\u00a0Ci La Bokk\u00a0\u00bb qui s\u2019est tenu ce dimanche 30 Avril 2023. Un \u00e9v\u00e9nement qui a vu la pr\u00e9sence de nombreuses personnalit\u00e9s et artistes issus de l\u2019Espagne et du S\u00e9n\u00e9gal. Le Ministre \u00e9tait accompagn\u00e9 par une [&hellip;]<\/p>\n","protected":false},"author":1,"featured_media":12506,"comment_status":"open","ping_status":"open","sticky":false,"template":"","format":"standard","meta":{"ngg_post_thumbnail":0},"categories":[2],"tags":[],"_links":{"self":[{"href":"https:\/\/www.culture.gouv.sn\/index.php\/wp-json\/wp\/v2\/posts\/12505"}],"collection":[{"href":"https:\/\/www.culture.gouv.sn\/index.php\/wp-json\/wp\/v2\/posts"}],"about":[{"href":"https:\/\/www.culture.gouv.sn\/index.php\/wp-json\/wp\/v2\/types\/post"}],"author":[{"embeddable":true,"href":"https:\/\/www.culture.gouv.sn\/index.php\/wp-json\/wp\/v2\/users\/1"}],"replies":[{"embeddable":true,"href":"https:\/\/www.culture.gouv.sn\/index.php\/wp-json\/wp\/v2\/comments?post=12505"}],"version-history":[{"count":1,"href":"https:\/\/www.culture.gouv.sn\/index.php\/wp-json\/wp\/v2\/posts\/12505\/revisions"}],"predecessor-version":[{"id":12507,"href":"https:\/\/www.culture.gouv.sn\/index.php\/wp-json\/wp\/v2\/posts\/12505\/revisions\/12507"}],"wp:featuredmedia":[{"embeddable":true,"href":"https:\/\/www.culture.gouv.sn\/index.php\/wp-json\/wp\/v2\/media\/12506"}],"wp:attachment":[{"href":"https:\/\/www.culture.gouv.sn\/index.php\/wp-json\/wp\/v2\/media?parent=12505"}],"wp:term":[{"taxonomy":"category","embeddable":true,"href":"https:\/\/www.culture.gouv.sn\/index.php\/wp-json\/wp\/v2\/categories?post=12505"},{"taxonomy":"post_tag","embeddable":true,"href":"https:\/\/www.culture.gouv.sn\/index.php\/wp-json\/wp\/v2\/tags?post=12505"}],"curies":[{"name":"wp","href":"https:\/\/api.w.org\/{rel}","templated":true}]}}